{"id":14133,"date":"2024-12-05T09:19:27","date_gmt":"2024-12-05T12:19:27","guid":{"rendered":"https:\/\/www.paparazzinews.com.br\/?p=14133"},"modified":"2024-12-05T09:19:28","modified_gmt":"2024-12-05T12:19:28","slug":"governo-de-sao-paulo-amplia-residencias-inclusivas-para-pessoas-com-deficiencia","status":"publish","type":"post","link":"https:\/\/www.paparazzinews.com.br\/?p=14133","title":{"rendered":"Governo de S\u00e3o Paulo amplia resid\u00eancias inclusivas para pessoas com defici\u00eancia"},"content":{"rendered":"\n<p>Na semana em que se celebra o Dia Internacional das Pessoas com Defici\u00eancia, a Secretaria Estadual de Desenvolvimento Social (SEDS) anunciou um aumento significativo nas Resid\u00eancias Inclusivas. Nos \u00faltimos dois anos, foram inauguradas 37 novas unidades, totalizando 138 Resid\u00eancias em todo o estado, um crescimento de 36,63% em rela\u00e7\u00e3o a janeiro de 2023, quando eram 101 unidades. A informa\u00e7\u00e3o \u00e9 do Roni Paparazzi e \u00a0Foto: Secretaria de Desenvolvimento Social\/Governo de SP.<\/p>\n\n\n\n<p>De acordo com a secret\u00e1ria de Desenvolvimento Social, Andrezza Rosal\u00e9m, a expans\u00e3o desses servi\u00e7os \u00e9 essencial para tirar pessoas com defici\u00eancia de situa\u00e7\u00f5es de vulnerabilidade e auxili\u00e1-las a desenvolver independ\u00eancia e autonomia.<\/p>\n\n\n\n<p>As Resid\u00eancias Inclusivas oferecem acolhimento e cuidado integral a jovens e adultos com defici\u00eancia, sem apoio familiar e em situa\u00e7\u00e3o de vulnerabilidade social. Cada unidade abriga, em m\u00e9dia, dez pessoas com diferentes graus de depend\u00eancia e tipos de defici\u00eancia, recebendo aten\u00e7\u00e3o personalizada 24 horas por dia.<\/p>\n\n\n\n<p><strong><em><strong><em><strong><em><strong><em><strong><em><strong><em><strong><em><strong><em><strong><em><strong><em><strong><em><strong><em><strong><em><strong><em><strong><em><strong><em><strong><em><strong><em><strong><em><strong><em><strong><em><strong><em><strong><em><strong><em><strong><em><strong><em><strong><em><strong><em><strong><em><strong><em><strong><em><strong><em><strong>Siga nossas redes sociais no\u00a0<a href=\"https:\/\/www.instagram.com\/ronipaparazzi\/\">Instagram\u00a0<\/a>e\u00a0<a href=\"https:\/\/www.facebook.com\/ronipaparazzicomvoce\">Facebook<\/a>\u00a0participe da nossa comunidade do Canal Roni Paparazzi no Whatsapp e receba as principais not\u00edcias da regi\u00e3o de Ara\u00e7atuba do dia direto no seu celular.<\/strong>\u00a0<a href=\"https:\/\/chat.whatsapp.com\/GsG1XKo0jPOEfjzudWQcml\" target=\"_blank\" rel=\"noreferrer noopener\">\u00a0Clique aqui e se inscreva.<\/a><\/em><\/strong><\/em><\/strong><\/em><\/strong><\/em><\/strong><\/em><\/strong><\/em><\/strong><\/em><\/strong><\/em><\/strong><\/em><\/strong><\/em><\/strong><\/em><\/strong><\/em><\/strong><\/em><\/strong><\/em><\/strong><\/em><\/strong><\/em><\/strong><\/em><\/strong><\/em><\/strong><\/em><\/strong><\/em><\/strong><\/em><\/strong><\/em><\/strong><\/em><\/strong><\/em><\/strong><\/em><\/strong><\/em><\/strong><\/em><\/strong><\/em><\/strong><\/em><\/strong><\/em><\/strong><\/em><\/strong><\/em><\/strong><\/p>\n","protected":false},"excerpt":{"rendered":"<p>Na semana em que se celebra o Dia Internacional das Pessoas com Defici\u00eancia, a Secretaria Estadual de Desenvolvimento Social (SEDS) anunciou um aumento significativo nas Resid\u00eancias Inclusivas. Nos \u00faltimos dois anos, foram inauguradas 37 novas unidades, totalizando 138 Resid\u00eancias em todo o estado, um crescimento de 36,63% em rela\u00e7\u00e3o a janeiro de 2023, quando eram &hellip;<\/p>\n","protected":false},"author":1,"featured_media":14134,"comment_status":"open","ping_status":"open","sticky":false,"template":"","format":"standard","meta":{"_jetpack_memberships_contains_paid_content":false,"footnotes":"","jetpack_publicize_message":"","jetpack_publicize_feature_enabled":true,"jetpack_social_post_already_shared":false,"jetpack_social_options":{"image_generator_settings":{"template":"highway","default_image_id":0,"enabled":false},"version":2}},"categories":[4],"tags":[],"class_list":["post-14133","post","type-post","status-publish","format-standard","has-post-thumbnail","hentry","category-regiao"],"jetpack_publicize_connections":[],"jetpack_featured_media_url":"https:\/\/i0.wp.com\/www.paparazzinews.com.br\/wp-content\/uploads\/2024\/12\/residenciainclusiva-e1733349940103-1024x891-1.jpg?fit=1024%2C891&ssl=1","views":"786","jetpack_likes_enabled":true,"jetpack_sharing_enabled":true,"_links":{"self":[{"href":"https:\/\/www.paparazzinews.com.br\/index.php?rest_route=\/wp\/v2\/posts\/14133","targetHints":{"allow":["GET"]}}],"collection":[{"href":"https:\/\/www.paparazzinews.com.br\/index.php?rest_route=\/wp\/v2\/posts"}],"about":[{"href":"https:\/\/www.paparazzinews.com.br\/index.php?rest_route=\/wp\/v2\/types\/post"}],"author":[{"embeddable":true,"href":"https:\/\/www.paparazzinews.com.br\/index.php?rest_route=\/wp\/v2\/users\/1"}],"replies":[{"embeddable":true,"href":"https:\/\/www.paparazzinews.com.br\/index.php?rest_route=%2Fwp%2Fv2%2Fcomments&post=14133"}],"version-history":[{"count":1,"href":"https:\/\/www.paparazzinews.com.br\/index.php?rest_route=\/wp\/v2\/posts\/14133\/revisions"}],"predecessor-version":[{"id":14135,"href":"https:\/\/www.paparazzinews.com.br\/index.php?rest_route=\/wp\/v2\/posts\/14133\/revisions\/14135"}],"wp:featuredmedia":[{"embeddable":true,"href":"https:\/\/www.paparazzinews.com.br\/index.php?rest_route=\/wp\/v2\/media\/14134"}],"wp:attachment":[{"href":"https:\/\/www.paparazzinews.com.br\/index.php?rest_route=%2Fwp%2Fv2%2Fmedia&parent=14133"}],"wp:term":[{"taxonomy":"category","embeddable":true,"href":"https:\/\/www.paparazzinews.com.br\/index.php?rest_route=%2Fwp%2Fv2%2Fcategories&post=14133"},{"taxonomy":"post_tag","embeddable":true,"href":"https:\/\/www.paparazzinews.com.br\/index.php?rest_route=%2Fwp%2Fv2%2Ftags&post=14133"}],"curies":[{"name":"wp","href":"https:\/\/api.w.org\/{rel}","templated":true}]}}