{"id":14066,"date":"2024-12-04T10:54:50","date_gmt":"2024-12-04T13:54:50","guid":{"rendered":"https:\/\/www.paparazzinews.com.br\/?p=14066"},"modified":"2024-12-04T10:54:51","modified_gmt":"2024-12-04T13:54:51","slug":"prefeitura-de-andradina-contrata-j-a-m-producoes-de-eventos-para-parada-de-natal","status":"publish","type":"post","link":"https:\/\/www.paparazzinews.com.br\/?p=14066","title":{"rendered":"Prefeitura de Andradina contrata J.A.M. Produ\u00e7\u00f5es de Eventos para Parada de Natal"},"content":{"rendered":"\n<p>A Prefeitura Municipal de Andradina, representada pelo prefeito Mario Celso Lopes, contratou a empresa J.A.M. Produ\u00e7\u00f5es de Eventos para realizar a apresenta\u00e7\u00e3o art\u00edstica &#8220;Parada de Natal&#8221; no dia 7 de dezembro de 2024. A informa\u00e7\u00e3o \u00e9 do Roni Paparazzi e Foto: Divulga\u00e7\u00e3o.<\/p>\n\n\n\n<p>O valor do contrato \u00e9 de R$ 50.000,00, com pagamento ap\u00f3s a realiza\u00e7\u00e3o da apresenta\u00e7\u00e3o, mediante apresenta\u00e7\u00e3o do respectivo documento fiscal.<\/p>\n\n\n\n<p>A contrata\u00e7\u00e3o foi feita por meio da Dispensa de Licita\u00e7\u00e3o n\u00ba 08\/2024, conforme dispositivo do inciso VIII, do artigo 72, da Lei n\u00ba 14.133\/2021. A Parada de Natal faz parte das comemora\u00e7\u00f5es de Natal da cidade, que incluem tamb\u00e9m outros eventos culturais e art\u00edsticos.<\/p>\n\n\n\n<p><strong><em><strong><em><strong><em><strong><em><strong><em><strong><em><strong><em><strong><em><strong><em><strong><em><strong><em><strong><em><strong><em><strong><em><strong><em><strong><em><strong><em><strong><em><strong><em><strong><em><strong><em><strong><em><strong><em><strong><em><strong><em><strong><em><strong><em><strong><em><strong><em><strong><em><strong><em><strong><em><strong>Siga nossas redes sociais no\u00a0<a href=\"https:\/\/www.instagram.com\/ronipaparazzi\/\">Instagram\u00a0<\/a>e\u00a0<a href=\"https:\/\/www.facebook.com\/ronipaparazzicomvoce\">Facebook<\/a>\u00a0participe da nossa comunidade do Canal Roni Paparazzi no Whatsapp e receba as principais not\u00edcias da regi\u00e3o de Ara\u00e7atuba do dia direto no seu celular.<\/strong>\u00a0<a href=\"https:\/\/chat.whatsapp.com\/GsG1XKo0jPOEfjzudWQcml\" target=\"_blank\" rel=\"noreferrer noopener\">\u00a0Clique aqui e se inscreva.<\/a><\/em><\/strong><\/em><\/strong><\/em><\/strong><\/em><\/strong><\/em><\/strong><\/em><\/strong><\/em><\/strong><\/em><\/strong><\/em><\/strong><\/em><\/strong><\/em><\/strong><\/em><\/strong><\/em><\/strong><\/em><\/strong><\/em><\/strong><\/em><\/strong><\/em><\/strong><\/em><\/strong><\/em><\/strong><\/em><\/strong><\/em><\/strong><\/em><\/strong><\/em><\/strong><\/em><\/strong><\/em><\/strong><\/em><\/strong><\/em><\/strong><\/em><\/strong><\/em><\/strong><\/em><\/strong><\/em><\/strong><\/em><\/strong><\/p>\n","protected":false},"excerpt":{"rendered":"<p>A Prefeitura Municipal de Andradina, representada pelo prefeito Mario Celso Lopes, contratou a empresa J.A.M. Produ\u00e7\u00f5es de Eventos para realizar a apresenta\u00e7\u00e3o art\u00edstica &#8220;Parada de Natal&#8221; no dia 7 de dezembro de 2024. A informa\u00e7\u00e3o \u00e9 do Roni Paparazzi e Foto: Divulga\u00e7\u00e3o. O valor do contrato \u00e9 de R$ 50.000,00, com pagamento ap\u00f3s a realiza\u00e7\u00e3o &hellip;<\/p>\n","protected":false},"author":1,"featured_media":14067,"comment_status":"open","ping_status":"open","sticky":false,"template":"","format":"standard","meta":{"_jetpack_memberships_contains_paid_content":false,"footnotes":"","jetpack_publicize_message":"","jetpack_publicize_feature_enabled":true,"jetpack_social_post_already_shared":false,"jetpack_social_options":{"image_generator_settings":{"template":"highway","default_image_id":0,"enabled":false},"version":2}},"categories":[6],"tags":[],"class_list":["post-14066","post","type-post","status-publish","format-standard","has-post-thumbnail","hentry","category-entretenimento"],"jetpack_publicize_connections":[],"jetpack_featured_media_url":"https:\/\/i0.wp.com\/www.paparazzinews.com.br\/wp-content\/uploads\/2024\/12\/659faa533a6c1f9225ece510e478fb70.jpg?fit=600%2C400&ssl=1","views":"796","jetpack_likes_enabled":true,"jetpack_sharing_enabled":true,"_links":{"self":[{"href":"https:\/\/www.paparazzinews.com.br\/index.php?rest_route=\/wp\/v2\/posts\/14066","targetHints":{"allow":["GET"]}}],"collection":[{"href":"https:\/\/www.paparazzinews.com.br\/index.php?rest_route=\/wp\/v2\/posts"}],"about":[{"href":"https:\/\/www.paparazzinews.com.br\/index.php?rest_route=\/wp\/v2\/types\/post"}],"author":[{"embeddable":true,"href":"https:\/\/www.paparazzinews.com.br\/index.php?rest_route=\/wp\/v2\/users\/1"}],"replies":[{"embeddable":true,"href":"https:\/\/www.paparazzinews.com.br\/index.php?rest_route=%2Fwp%2Fv2%2Fcomments&post=14066"}],"version-history":[{"count":1,"href":"https:\/\/www.paparazzinews.com.br\/index.php?rest_route=\/wp\/v2\/posts\/14066\/revisions"}],"predecessor-version":[{"id":14068,"href":"https:\/\/www.paparazzinews.com.br\/index.php?rest_route=\/wp\/v2\/posts\/14066\/revisions\/14068"}],"wp:featuredmedia":[{"embeddable":true,"href":"https:\/\/www.paparazzinews.com.br\/index.php?rest_route=\/wp\/v2\/media\/14067"}],"wp:attachment":[{"href":"https:\/\/www.paparazzinews.com.br\/index.php?rest_route=%2Fwp%2Fv2%2Fmedia&parent=14066"}],"wp:term":[{"taxonomy":"category","embeddable":true,"href":"https:\/\/www.paparazzinews.com.br\/index.php?rest_route=%2Fwp%2Fv2%2Fcategories&post=14066"},{"taxonomy":"post_tag","embeddable":true,"href":"https:\/\/www.paparazzinews.com.br\/index.php?rest_route=%2Fwp%2Fv2%2Ftags&post=14066"}],"curies":[{"name":"wp","href":"https:\/\/api.w.org\/{rel}","templated":true}]}}