{"id":14036,"date":"2024-12-03T10:29:34","date_gmt":"2024-12-03T13:29:34","guid":{"rendered":"https:\/\/www.paparazzinews.com.br\/?p=14036"},"modified":"2024-12-03T10:29:35","modified_gmt":"2024-12-03T13:29:35","slug":"homem-e-preso-em-flagrante-por-furto-em-mirandopolis","status":"publish","type":"post","link":"https:\/\/www.paparazzinews.com.br\/?p=14036","title":{"rendered":"Homem \u00e9 preso em flagrante por furto em Mirand\u00f3polis"},"content":{"rendered":"\n<p>Um homem de 30 anos foi preso em flagrante por furto na madrugada desta segunda-feira (3\/12), por volta das 4h, na Rua \u00c2ngelo Matara, em Mirand\u00f3polis. Ele e um adolescente foram abordados por policiais militares durante patrulhamento na Rua Jo\u00e3o Domingues de Souza, ap\u00f3s tentarem se desfazer de objetos suspeitos. A informa\u00e7\u00e3o \u00e9 do Roni Paparazzi e Foto: Divulga\u00e7\u00e3o.<\/p>\n\n\n\n<p><strong>Detalhes da pris\u00e3o<\/strong><\/p>\n\n\n\n<ul class=\"wp-block-list\">\n<li>Objetos furtados: Um rel\u00f3gio medidor de energia e um alicate.<\/li>\n\n\n\n<li>Local do furto: Uma resid\u00eancia em constru\u00e7\u00e3o no bairro Residencial Parque Vilage.<\/li>\n\n\n\n<li>Danos: Poste padr\u00e3o de energia com fios cortados e aus\u00eancia do medidor.<\/li>\n<\/ul>\n\n\n\n<p>O delegado ratificou a pris\u00e3o do adulto e liberou o menor ap\u00f3s prestar depoimento. O rel\u00f3gio foi devolvido ao propriet\u00e1rio, e o caso foi registrado como flagrante de furto.<\/p>\n\n\n\n<p><strong><em><strong><em><strong><em><strong><em><strong><em><strong><em><strong><em><strong><em><strong><em><strong><em><strong><em><strong><em><strong><em><strong><em><strong><em><strong><em><strong><em><strong><em><strong><em><strong><em><strong><em><strong><em><strong><em><strong><em><strong><em><strong><em><strong><em><strong><em><strong><em><strong><em><strong><em><strong><em><strong>Siga nossas redes sociais no&nbsp;<a href=\"https:\/\/www.instagram.com\/ronipaparazzi\/\">Instagram&nbsp;<\/a>e&nbsp;<a href=\"https:\/\/www.facebook.com\/ronipaparazzicomvoce\">Facebook<\/a>&nbsp;participe da nossa comunidade do Canal Roni Paparazzi no Whatsapp e receba as principais not\u00edcias da regi\u00e3o de Ara\u00e7atuba do dia direto no seu celular.<\/strong>&nbsp;<a href=\"https:\/\/chat.whatsapp.com\/GsG1XKo0jPOEfjzudWQcml\" target=\"_blank\" rel=\"noreferrer noopener\">&nbsp;Clique aqui e se inscreva.<\/a><\/em><\/strong><\/em><\/strong><\/em><\/strong><\/em><\/strong><\/em><\/strong><\/em><\/strong><\/em><\/strong><\/em><\/strong><\/em><\/strong><\/em><\/strong><\/em><\/strong><\/em><\/strong><\/em><\/strong><\/em><\/strong><\/em><\/strong><\/em><\/strong><\/em><\/strong><\/em><\/strong><\/em><\/strong><\/em><\/strong><\/em><\/strong><\/em><\/strong><\/em><\/strong><\/em><\/strong><\/em><\/strong><\/em><\/strong><\/em><\/strong><\/em><\/strong><\/em><\/strong><\/em><\/strong><\/em><\/strong><\/em><\/strong><\/p>\n\n\n\n<p><a href=\"https:\/\/www.paparazzinews.com.br\/wp-admin\/post.php?post=14033&amp;action=edit\"><\/a><\/p>\n","protected":false},"excerpt":{"rendered":"<p>Um homem de 30 anos foi preso em flagrante por furto na madrugada desta segunda-feira (3\/12), por volta das 4h, na Rua \u00c2ngelo Matara, em Mirand\u00f3polis. Ele e um adolescente foram abordados por policiais militares durante patrulhamento na Rua Jo\u00e3o Domingues de Souza, ap\u00f3s tentarem se desfazer de objetos suspeitos. A informa\u00e7\u00e3o \u00e9 do Roni &hellip;<\/p>\n","protected":false},"author":1,"featured_media":14037,"comment_status":"open","ping_status":"open","sticky":false,"template":"","format":"standard","meta":{"_jetpack_memberships_contains_paid_content":false,"footnotes":"","jetpack_publicize_message":"","jetpack_publicize_feature_enabled":true,"jetpack_social_post_already_shared":false,"jetpack_social_options":{"image_generator_settings":{"template":"highway","default_image_id":0,"enabled":false},"version":2}},"categories":[3],"tags":[],"class_list":["post-14036","post","type-post","status-publish","format-standard","has-post-thumbnail","hentry","category-policial"],"jetpack_publicize_connections":[],"jetpack_featured_media_url":"https:\/\/i0.wp.com\/www.paparazzinews.com.br\/wp-content\/uploads\/2024\/12\/14416c54-b548-46de-8306-752d73a6f33c.jpg?fit=1280%2C720&ssl=1","views":"791","jetpack_likes_enabled":true,"jetpack_sharing_enabled":true,"_links":{"self":[{"href":"https:\/\/www.paparazzinews.com.br\/index.php?rest_route=\/wp\/v2\/posts\/14036","targetHints":{"allow":["GET"]}}],"collection":[{"href":"https:\/\/www.paparazzinews.com.br\/index.php?rest_route=\/wp\/v2\/posts"}],"about":[{"href":"https:\/\/www.paparazzinews.com.br\/index.php?rest_route=\/wp\/v2\/types\/post"}],"author":[{"embeddable":true,"href":"https:\/\/www.paparazzinews.com.br\/index.php?rest_route=\/wp\/v2\/users\/1"}],"replies":[{"embeddable":true,"href":"https:\/\/www.paparazzinews.com.br\/index.php?rest_route=%2Fwp%2Fv2%2Fcomments&post=14036"}],"version-history":[{"count":1,"href":"https:\/\/www.paparazzinews.com.br\/index.php?rest_route=\/wp\/v2\/posts\/14036\/revisions"}],"predecessor-version":[{"id":14038,"href":"https:\/\/www.paparazzinews.com.br\/index.php?rest_route=\/wp\/v2\/posts\/14036\/revisions\/14038"}],"wp:featuredmedia":[{"embeddable":true,"href":"https:\/\/www.paparazzinews.com.br\/index.php?rest_route=\/wp\/v2\/media\/14037"}],"wp:attachment":[{"href":"https:\/\/www.paparazzinews.com.br\/index.php?rest_route=%2Fwp%2Fv2%2Fmedia&parent=14036"}],"wp:term":[{"taxonomy":"category","embeddable":true,"href":"https:\/\/www.paparazzinews.com.br\/index.php?rest_route=%2Fwp%2Fv2%2Fcategories&post=14036"},{"taxonomy":"post_tag","embeddable":true,"href":"https:\/\/www.paparazzinews.com.br\/index.php?rest_route=%2Fwp%2Fv2%2Ftags&post=14036"}],"curies":[{"name":"wp","href":"https:\/\/api.w.org\/{rel}","templated":true}]}}