{"id":13994,"date":"2024-12-03T08:48:19","date_gmt":"2024-12-03T11:48:19","guid":{"rendered":"https:\/\/www.paparazzinews.com.br\/?p=13994"},"modified":"2024-12-03T08:48:20","modified_gmt":"2024-12-03T11:48:20","slug":"prefeitura-de-andradina-convoca-candidatos-aprovados-em-processo-seletivo","status":"publish","type":"post","link":"https:\/\/www.paparazzinews.com.br\/?p=13994","title":{"rendered":"Prefeitura de Andradina convoca candidatos aprovados em processo seletivo"},"content":{"rendered":"\n<p>A Prefeitura de Andradina, estado de S\u00e3o Paulo, convocou os candidatos aprovados no Processo Simplificado &#8220;A\u00e7\u00e3o Andradina Limpa&#8221; para se apresentarem na Ger\u00eancia de Gest\u00e3o de Pessoas (RH). A informa\u00e7\u00e3o \u00e9 do Roni Paparazzi e Foto: Divulga\u00e7\u00e3o.<\/p>\n\n\n\n<p>Os convocados devem comparecer no prazo de tr\u00eas dias, a partir da publica\u00e7\u00e3o do edital, entre 9h e 16h, munidos dos documentos exigidos.<\/p>\n\n\n\n<p><strong>Confira a lista dos convocados:<\/strong><\/p>\n\n\n\n<ol class=\"wp-block-list\">\n<li>Fl\u00e1vio de Souza Oliveira<\/li>\n\n\n\n<li>Ademilson Mendes da Silva<\/li>\n\n\n\n<li>Monique Biank Borges da Vit\u00f3ria<\/li>\n\n\n\n<li>Sthefany de Oliveira Balieiro<\/li>\n\n\n\n<li>Gessica Naiara de Andrade Santos<\/li>\n\n\n\n<li>Shirley Aparecida Brainier<\/li>\n\n\n\n<li>Mariana Carina Cardoso Domingues<\/li>\n\n\n\n<li>Bruno Vin\u00edcius Nunes<\/li>\n\n\n\n<li>Higor da Silva Mota Lopes<\/li>\n\n\n\n<li>Igon Fermino Benedito<\/li>\n<\/ol>\n\n\n\n<p>Os documentos necess\u00e1rios est\u00e3o listados no item 6.1a do Edital do Processo Seletivo, datado de 21 de novembro de 2024.<\/p>\n\n\n\n<p><strong><em><strong><em><strong><em><strong><em><strong><em><strong><em><strong><em><strong><em><strong><em><strong><em><strong><em><strong><em><strong><em><strong><em><strong><em><strong><em><strong>Siga nossas redes sociais no\u00a0<a href=\"https:\/\/www.instagram.com\/ronipaparazzi\/\">Instagram\u00a0<\/a>e\u00a0<a href=\"https:\/\/www.facebook.com\/ronipaparazzicomvoce\">Facebook<\/a>\u00a0participe da nossa comunidade do Canal Roni Paparazzi no Whatsapp e receba as principais not\u00edcias da regi\u00e3o de Ara\u00e7atuba do dia direto no seu celular.<\/strong>\u00a0<a href=\"https:\/\/chat.whatsapp.com\/GsG1XKo0jPOEfjzudWQcml\" target=\"_blank\" rel=\"noreferrer noopener\">\u00a0Clique aqui e se inscreva.<\/a><\/em><\/strong><\/em><\/strong><\/em><\/strong><\/em><\/strong><\/em><\/strong><\/em><\/strong><\/em><\/strong><\/em><\/strong><\/em><\/strong><\/em><\/strong><\/em><\/strong><\/em><\/strong><\/em><\/strong><\/em><\/strong><\/em><\/strong><\/em><\/strong><\/p>\n","protected":false},"excerpt":{"rendered":"<p>A Prefeitura de Andradina, estado de S\u00e3o Paulo, convocou os candidatos aprovados no Processo Simplificado &#8220;A\u00e7\u00e3o Andradina Limpa&#8221; para se apresentarem na Ger\u00eancia de Gest\u00e3o de Pessoas (RH). A informa\u00e7\u00e3o \u00e9 do Roni Paparazzi e Foto: Divulga\u00e7\u00e3o. Os convocados devem comparecer no prazo de tr\u00eas dias, a partir da publica\u00e7\u00e3o do edital, entre 9h e &hellip;<\/p>\n","protected":false},"author":1,"featured_media":13995,"comment_status":"open","ping_status":"open","sticky":false,"template":"","format":"standard","meta":{"_jetpack_memberships_contains_paid_content":false,"footnotes":"","jetpack_publicize_message":"","jetpack_publicize_feature_enabled":true,"jetpack_social_post_already_shared":false,"jetpack_social_options":{"image_generator_settings":{"template":"highway","default_image_id":0,"enabled":false},"version":2}},"categories":[4],"tags":[],"class_list":["post-13994","post","type-post","status-publish","format-standard","has-post-thumbnail","hentry","category-regiao"],"jetpack_publicize_connections":[],"jetpack_featured_media_url":"https:\/\/i0.wp.com\/www.paparazzinews.com.br\/wp-content\/uploads\/2024\/12\/images-1.jpg?fit=259%2C194&ssl=1","views":"816","jetpack_likes_enabled":true,"jetpack_sharing_enabled":true,"_links":{"self":[{"href":"https:\/\/www.paparazzinews.com.br\/index.php?rest_route=\/wp\/v2\/posts\/13994","targetHints":{"allow":["GET"]}}],"collection":[{"href":"https:\/\/www.paparazzinews.com.br\/index.php?rest_route=\/wp\/v2\/posts"}],"about":[{"href":"https:\/\/www.paparazzinews.com.br\/index.php?rest_route=\/wp\/v2\/types\/post"}],"author":[{"embeddable":true,"href":"https:\/\/www.paparazzinews.com.br\/index.php?rest_route=\/wp\/v2\/users\/1"}],"replies":[{"embeddable":true,"href":"https:\/\/www.paparazzinews.com.br\/index.php?rest_route=%2Fwp%2Fv2%2Fcomments&post=13994"}],"version-history":[{"count":1,"href":"https:\/\/www.paparazzinews.com.br\/index.php?rest_route=\/wp\/v2\/posts\/13994\/revisions"}],"predecessor-version":[{"id":13996,"href":"https:\/\/www.paparazzinews.com.br\/index.php?rest_route=\/wp\/v2\/posts\/13994\/revisions\/13996"}],"wp:featuredmedia":[{"embeddable":true,"href":"https:\/\/www.paparazzinews.com.br\/index.php?rest_route=\/wp\/v2\/media\/13995"}],"wp:attachment":[{"href":"https:\/\/www.paparazzinews.com.br\/index.php?rest_route=%2Fwp%2Fv2%2Fmedia&parent=13994"}],"wp:term":[{"taxonomy":"category","embeddable":true,"href":"https:\/\/www.paparazzinews.com.br\/index.php?rest_route=%2Fwp%2Fv2%2Fcategories&post=13994"},{"taxonomy":"post_tag","embeddable":true,"href":"https:\/\/www.paparazzinews.com.br\/index.php?rest_route=%2Fwp%2Fv2%2Ftags&post=13994"}],"curies":[{"name":"wp","href":"https:\/\/api.w.org\/{rel}","templated":true}]}}