{"id":13988,"date":"2024-12-03T08:35:05","date_gmt":"2024-12-03T11:35:05","guid":{"rendered":"https:\/\/www.paparazzinews.com.br\/?p=13988"},"modified":"2024-12-03T08:41:40","modified_gmt":"2024-12-03T11:41:40","slug":"prefeitura-de-andradina-fixa-subsidios-para-prefeito-vice-prefeito-e-secretarios-municipais","status":"publish","type":"post","link":"https:\/\/www.paparazzinews.com.br\/?p=13988","title":{"rendered":"Prefeitura de Andradina fixa subs\u00eddios para Prefeito, Vice-Prefeito e Secret\u00e1rios Municipais"},"content":{"rendered":"\n<p>A C\u00e2mara Municipal de Andradina aprovou e o prefeito Mario Celso Lopes sancionou e promulgou a Lei que fixa os subs\u00eddios dos agentes p\u00fablicos eletivos e pol\u00edticos do Poder Executivo para os exerc\u00edcios de 2025 a 2028. A informa\u00e7\u00e3o \u00e9 do Roni Paparazzi e Foto: Divulga\u00e7\u00e3o.<\/p>\n\n\n\n<p><strong>Os valores dos subs\u00eddios s\u00e3o:<\/strong><\/p>\n\n\n\n<ul class=\"wp-block-list\">\n<li>Prefeito Municipal: R$ 28.000,00<\/li>\n\n\n\n<li>Vice-Prefeito: R$ 15.400,00<\/li>\n\n\n\n<li>Secret\u00e1rio Municipal: R$ 15.400,00<\/li>\n<\/ul>\n\n\n\n<p>A Lei tamb\u00e9m estabelece que os subs\u00eddios poder\u00e3o ser revisados anualmente, por lei espec\u00edfica, na mesma data-base da revis\u00e3o geral anual dos servidores p\u00fablicos municipais.<\/p>\n\n\n\n<p>A Lei entra em vigor na data de sua publica\u00e7\u00e3o e produzir\u00e1 efeitos a partir de 1\u00ba de janeiro de 2025.<\/p>\n\n\n\n<p><strong><em><strong><em><strong><em><strong><em><strong><em><strong><em><strong><em><strong><em><strong><em><strong><em><strong><em><strong><em><strong><em><strong><em><strong><em><strong><em><strong>Siga nossas redes sociais no\u00a0<a href=\"https:\/\/www.instagram.com\/ronipaparazzi\/\">Instagram\u00a0<\/a>e\u00a0<a href=\"https:\/\/www.facebook.com\/ronipaparazzicomvoce\">Facebook<\/a>\u00a0participe da nossa comunidade do Canal Roni Paparazzi no Whatsapp e receba as principais not\u00edcias da regi\u00e3o de Ara\u00e7atuba do dia direto no seu celular.<\/strong>\u00a0<a href=\"https:\/\/chat.whatsapp.com\/GsG1XKo0jPOEfjzudWQcml\" target=\"_blank\" rel=\"noreferrer noopener\">\u00a0Clique aqui e se inscreva.<\/a><\/em><\/strong><\/em><\/strong><\/em><\/strong><\/em><\/strong><\/em><\/strong><\/em><\/strong><\/em><\/strong><\/em><\/strong><\/em><\/strong><\/em><\/strong><\/em><\/strong><\/em><\/strong><\/em><\/strong><\/em><\/strong><\/em><\/strong><\/em><\/strong><\/p>\n\n\n\n<p><\/p>\n","protected":false},"excerpt":{"rendered":"<p>A C\u00e2mara Municipal de Andradina aprovou e o prefeito Mario Celso Lopes sancionou e promulgou a Lei que fixa os subs\u00eddios dos agentes p\u00fablicos eletivos e pol\u00edticos do Poder Executivo para os exerc\u00edcios de 2025 a 2028. A informa\u00e7\u00e3o \u00e9 do Roni Paparazzi e Foto: Divulga\u00e7\u00e3o. Os valores dos subs\u00eddios s\u00e3o: Prefeito Municipal: R$ 28.000,00 &hellip;<\/p>\n","protected":false},"author":1,"featured_media":13989,"comment_status":"open","ping_status":"open","sticky":false,"template":"","format":"standard","meta":{"_jetpack_memberships_contains_paid_content":false,"footnotes":"","jetpack_publicize_message":"","jetpack_publicize_feature_enabled":true,"jetpack_social_post_already_shared":false,"jetpack_social_options":{"image_generator_settings":{"template":"highway","default_image_id":0,"enabled":false},"version":2}},"categories":[7],"tags":[],"class_list":["post-13988","post","type-post","status-publish","format-standard","has-post-thumbnail","hentry","category-politica"],"jetpack_publicize_connections":[],"jetpack_featured_media_url":"https:\/\/i0.wp.com\/www.paparazzinews.com.br\/wp-content\/uploads\/2024\/12\/a4-mario-celso.webp?fit=1280%2C853&ssl=1","views":"873","jetpack_likes_enabled":true,"jetpack_sharing_enabled":true,"_links":{"self":[{"href":"https:\/\/www.paparazzinews.com.br\/index.php?rest_route=\/wp\/v2\/posts\/13988","targetHints":{"allow":["GET"]}}],"collection":[{"href":"https:\/\/www.paparazzinews.com.br\/index.php?rest_route=\/wp\/v2\/posts"}],"about":[{"href":"https:\/\/www.paparazzinews.com.br\/index.php?rest_route=\/wp\/v2\/types\/post"}],"author":[{"embeddable":true,"href":"https:\/\/www.paparazzinews.com.br\/index.php?rest_route=\/wp\/v2\/users\/1"}],"replies":[{"embeddable":true,"href":"https:\/\/www.paparazzinews.com.br\/index.php?rest_route=%2Fwp%2Fv2%2Fcomments&post=13988"}],"version-history":[{"count":1,"href":"https:\/\/www.paparazzinews.com.br\/index.php?rest_route=\/wp\/v2\/posts\/13988\/revisions"}],"predecessor-version":[{"id":13990,"href":"https:\/\/www.paparazzinews.com.br\/index.php?rest_route=\/wp\/v2\/posts\/13988\/revisions\/13990"}],"wp:featuredmedia":[{"embeddable":true,"href":"https:\/\/www.paparazzinews.com.br\/index.php?rest_route=\/wp\/v2\/media\/13989"}],"wp:attachment":[{"href":"https:\/\/www.paparazzinews.com.br\/index.php?rest_route=%2Fwp%2Fv2%2Fmedia&parent=13988"}],"wp:term":[{"taxonomy":"category","embeddable":true,"href":"https:\/\/www.paparazzinews.com.br\/index.php?rest_route=%2Fwp%2Fv2%2Fcategories&post=13988"},{"taxonomy":"post_tag","embeddable":true,"href":"https:\/\/www.paparazzinews.com.br\/index.php?rest_route=%2Fwp%2Fv2%2Ftags&post=13988"}],"curies":[{"name":"wp","href":"https:\/\/api.w.org\/{rel}","templated":true}]}}