{"id":13935,"date":"2024-12-03T06:30:32","date_gmt":"2024-12-03T09:30:32","guid":{"rendered":"https:\/\/www.paparazzinews.com.br\/?p=13935"},"modified":"2024-12-03T06:31:42","modified_gmt":"2024-12-03T09:31:42","slug":"vestibulinho-das-etecs-divulgacao-de-locais-de-prova-acontece-em-11-de-dezembro","status":"publish","type":"post","link":"https:\/\/www.paparazzinews.com.br\/?p=13935","title":{"rendered":"Vestibulinho das Etecs: Divulga\u00e7\u00e3o de locais de prova acontece em 11 de dezembro"},"content":{"rendered":"\n<p>O processo seletivo para o primeiro semestre de 2025 das Escolas T\u00e9cnicas Estaduais (Etecs) do Centro Paula Souza (CPS) entra em sua pr\u00f3xima etapa. A informa\u00e7\u00e3o \u00e9 do Roni Paparazzi e Foto: Centro Paula Souza\/Governo de SP.<\/p>\n\n\n\n<p><strong>Pr\u00f3ximos passos:<\/strong><\/p>\n\n\n\n<p>Calend\u00e1rio<\/p>\n\n\n\n<ol class=\"wp-block-list\">\n<li>11 de dezembro (15h): Divulga\u00e7\u00e3o dos locais de prova no site (<a href=\"http:\/\/vestibulinhoetec.com.br\/\" target=\"_blank\" rel=\"noreferrer noopener\">vestibulinhoetec.com.br<\/a>).<\/li>\n\n\n\n<li>15 de dezembro (13h30): Aplica\u00e7\u00e3o da prova.<\/li>\n\n\n\n<li>18 de dezembro (15h): Divulga\u00e7\u00e3o dos gabaritos.<\/li>\n\n\n\n<li>13 de janeiro (15h): Divulga\u00e7\u00e3o da classifica\u00e7\u00e3o geral.<\/li>\n<\/ol>\n\n\n\n<p><strong>Cursos oferecidos<\/strong><\/p>\n\n\n\n<ul class=\"wp-block-list\">\n<li>T\u00e9cnico<\/li>\n\n\n\n<li>Ensino M\u00e9dio integrado ao T\u00e9cnico<\/li>\n\n\n\n<li>Ensino M\u00e9dio em diferentes itiner\u00e1rios formativos<\/li>\n\n\n\n<li>Articula\u00e7\u00e3o da Forma\u00e7\u00e3o Profissional M\u00e9dia e Superior (AMS)<\/li>\n\n\n\n<li>Especializa\u00e7\u00e3o T\u00e9cnica<\/li>\n<\/ul>\n\n\n\n<p>As vagas e cursos para cada unidade ser\u00e3o divulgadas em breve.<\/p>\n\n\n\n<p><strong><strong><em><strong><em><strong><em><strong><em><strong><em><strong><em><strong><em><strong><em><strong><em><strong><em><strong><em><strong><em><strong><em><strong><em><strong><em><strong><em><strong>Siga nossas redes sociais no&nbsp;<a href=\"https:\/\/www.instagram.com\/ronipaparazzi\/\">Instagram&nbsp;<\/a>e&nbsp;<a href=\"https:\/\/www.facebook.com\/ronipaparazzicomvoce\">Facebook<\/a>&nbsp;participe da nossa comunidade do Canal Roni Paparazzi no Whatsapp e receba as principais not\u00edcias da regi\u00e3o de Ara\u00e7atuba do dia direto no seu celular.<\/strong>&nbsp;<a href=\"https:\/\/chat.whatsapp.com\/GsG1XKo0jPOEfjzudWQcml\" target=\"_blank\" rel=\"noreferrer noopener\">&nbsp;Clique aqui e se inscreva.<\/a><\/em><\/strong><\/em><\/strong><\/em><\/strong><\/em><\/strong><\/em><\/strong><\/em><\/strong><\/em><\/strong><\/em><\/strong><\/em><\/strong><\/em><\/strong><\/em><\/strong><\/em><\/strong><\/em><\/strong><\/em><\/strong><\/em><\/strong><\/em><\/strong><\/strong><\/p>\n","protected":false},"excerpt":{"rendered":"<p>O processo seletivo para o primeiro semestre de 2025 das Escolas T\u00e9cnicas Estaduais (Etecs) do Centro Paula Souza (CPS) entra em sua pr\u00f3xima etapa. A informa\u00e7\u00e3o \u00e9 do Roni Paparazzi e Foto: Centro Paula Souza\/Governo de SP. Pr\u00f3ximos passos: Calend\u00e1rio 11 de dezembro (15h): Divulga\u00e7\u00e3o dos locais de prova no site (vestibulinhoetec.com.br). 15 de dezembro &hellip;<\/p>\n","protected":false},"author":1,"featured_media":13936,"comment_status":"open","ping_status":"open","sticky":false,"template":"","format":"standard","meta":{"_jetpack_memberships_contains_paid_content":false,"footnotes":"","jetpack_publicize_message":"","jetpack_publicize_feature_enabled":true,"jetpack_social_post_already_shared":false,"jetpack_social_options":{"image_generator_settings":{"template":"highway","default_image_id":0,"enabled":false},"version":2}},"categories":[4],"tags":[],"class_list":["post-13935","post","type-post","status-publish","format-standard","has-post-thumbnail","hentry","category-regiao"],"jetpack_publicize_connections":[],"jetpack_featured_media_url":"https:\/\/i0.wp.com\/www.paparazzinews.com.br\/wp-content\/uploads\/2024\/12\/Etec-da-Zona-Leste_Vestibulinho_fotog_Roberto-Sungi_93-scaled-1-1024x681-1.jpg?fit=1024%2C681&ssl=1","views":"779","jetpack_likes_enabled":true,"jetpack_sharing_enabled":true,"_links":{"self":[{"href":"https:\/\/www.paparazzinews.com.br\/index.php?rest_route=\/wp\/v2\/posts\/13935","targetHints":{"allow":["GET"]}}],"collection":[{"href":"https:\/\/www.paparazzinews.com.br\/index.php?rest_route=\/wp\/v2\/posts"}],"about":[{"href":"https:\/\/www.paparazzinews.com.br\/index.php?rest_route=\/wp\/v2\/types\/post"}],"author":[{"embeddable":true,"href":"https:\/\/www.paparazzinews.com.br\/index.php?rest_route=\/wp\/v2\/users\/1"}],"replies":[{"embeddable":true,"href":"https:\/\/www.paparazzinews.com.br\/index.php?rest_route=%2Fwp%2Fv2%2Fcomments&post=13935"}],"version-history":[{"count":2,"href":"https:\/\/www.paparazzinews.com.br\/index.php?rest_route=\/wp\/v2\/posts\/13935\/revisions"}],"predecessor-version":[{"id":13939,"href":"https:\/\/www.paparazzinews.com.br\/index.php?rest_route=\/wp\/v2\/posts\/13935\/revisions\/13939"}],"wp:featuredmedia":[{"embeddable":true,"href":"https:\/\/www.paparazzinews.com.br\/index.php?rest_route=\/wp\/v2\/media\/13936"}],"wp:attachment":[{"href":"https:\/\/www.paparazzinews.com.br\/index.php?rest_route=%2Fwp%2Fv2%2Fmedia&parent=13935"}],"wp:term":[{"taxonomy":"category","embeddable":true,"href":"https:\/\/www.paparazzinews.com.br\/index.php?rest_route=%2Fwp%2Fv2%2Fcategories&post=13935"},{"taxonomy":"post_tag","embeddable":true,"href":"https:\/\/www.paparazzinews.com.br\/index.php?rest_route=%2Fwp%2Fv2%2Ftags&post=13935"}],"curies":[{"name":"wp","href":"https:\/\/api.w.org\/{rel}","templated":true}]}}