{"id":13877,"date":"2024-11-28T19:00:40","date_gmt":"2024-11-28T22:00:40","guid":{"rendered":"https:\/\/www.paparazzinews.com.br\/?p=13877"},"modified":"2024-11-28T19:02:01","modified_gmt":"2024-11-28T22:02:01","slug":"acidente-entre-ambulancia-e-carreta-bitrem-em-itapura-deixa-dois-castilhenses-feridos","status":"publish","type":"post","link":"https:\/\/www.paparazzinews.com.br\/?p=13877","title":{"rendered":"Acidente entre ambul\u00e2ncia e carreta bitrem em Itapura deixa dois castilhenses feridos"},"content":{"rendered":"\n<p>Um acidente de tr\u00e2nsito grave ocorreu nesta quinta-feira (28\/11) no trevo da Rodovia Gerson Dourado de Oliveira (Barrageiros), em Itapura, envolvendo uma ambul\u00e2ncia de Castilho e uma carreta bitrem. O motorista da ambul\u00e2ncia e um paciente foram feridos. A informa\u00e7\u00e3o \u00e9 do Roni Paparazzi e Foto: Divulga\u00e7\u00e3o.<\/p>\n\n\n\n<p>A ambul\u00e2ncia, que voltava de Jales com um paciente, colidiu com a carreta bitrem, deixando o motorista preso \u00e0s ferragens. Ele suspeita-se que tenha sofrido fraturas, mas ainda n\u00e3o foram identificadas. J\u00e1 o paciente sofreu traumatismo craniano.<\/p>\n\n\n\n<p>O motorista foi encaminhado para o hospital de Ilha Solteira e aguarda transfer\u00eancia para Ara\u00e7atuba, enquanto o paciente foi levado ao pronto socorro de Itapura e deve ser transferido para a Santa Casa de Andradina. O motorista da carreta bitrem n\u00e3o se feriu.<\/p>\n\n\n\n<p>A ocorr\u00eancia foi registrada pela Pol\u00edcia Rodovi\u00e1ria e as causas do acidente ser\u00e3o investigadas.<\/p>\n\n\n\n<p><strong><strong><em><strong><em><strong><em><strong><em><strong><em><strong><em><strong><em><strong><em><strong><em><strong><em><strong><em><strong><em><strong><em><strong><em><strong><em><strong><em><strong>Siga nossas redes sociais no&nbsp;<a href=\"https:\/\/www.instagram.com\/ronipaparazzi\/\">Instagram&nbsp;<\/a>e&nbsp;<a href=\"https:\/\/www.facebook.com\/ronipaparazzicomvoce\">Facebook<\/a>&nbsp;participe da nossa comunidade do Canal Roni Paparazzi no Whatsapp e receba as principais not\u00edcias da regi\u00e3o de Ara\u00e7atuba do dia direto no seu celular.<\/strong>&nbsp;<a href=\"https:\/\/chat.whatsapp.com\/GsG1XKo0jPOEfjzudWQcml\" target=\"_blank\" rel=\"noreferrer noopener\">&nbsp;Clique aqui e se inscreva.<\/a><\/em><\/strong><\/em><\/strong><\/em><\/strong><\/em><\/strong><\/em><\/strong><\/em><\/strong><\/em><\/strong><\/em><\/strong><\/em><\/strong><\/em><\/strong><\/em><\/strong><\/em><\/strong><\/em><\/strong><\/em><\/strong><\/em><\/strong><\/em><\/strong><\/strong><\/p>\n","protected":false},"excerpt":{"rendered":"<p>Um acidente de tr\u00e2nsito grave ocorreu nesta quinta-feira (28\/11) no trevo da Rodovia Gerson Dourado de Oliveira (Barrageiros), em Itapura, envolvendo uma ambul\u00e2ncia de Castilho e uma carreta bitrem. O motorista da ambul\u00e2ncia e um paciente foram feridos. A informa\u00e7\u00e3o \u00e9 do Roni Paparazzi e Foto: Divulga\u00e7\u00e3o. A ambul\u00e2ncia, que voltava de Jales com um &hellip;<\/p>\n","protected":false},"author":1,"featured_media":13878,"comment_status":"open","ping_status":"open","sticky":false,"template":"","format":"standard","meta":{"_jetpack_memberships_contains_paid_content":false,"footnotes":"","jetpack_publicize_message":"","jetpack_publicize_feature_enabled":true,"jetpack_social_post_already_shared":false,"jetpack_social_options":{"image_generator_settings":{"template":"highway","default_image_id":0,"enabled":false},"version":2}},"categories":[3],"tags":[],"class_list":["post-13877","post","type-post","status-publish","format-standard","has-post-thumbnail","hentry","category-policial"],"jetpack_publicize_connections":[],"jetpack_featured_media_url":"https:\/\/i0.wp.com\/www.paparazzinews.com.br\/wp-content\/uploads\/2024\/11\/Acdd.jpg?fit=1000%2C400&ssl=1","views":"5518","jetpack_likes_enabled":true,"jetpack_sharing_enabled":true,"_links":{"self":[{"href":"https:\/\/www.paparazzinews.com.br\/index.php?rest_route=\/wp\/v2\/posts\/13877","targetHints":{"allow":["GET"]}}],"collection":[{"href":"https:\/\/www.paparazzinews.com.br\/index.php?rest_route=\/wp\/v2\/posts"}],"about":[{"href":"https:\/\/www.paparazzinews.com.br\/index.php?rest_route=\/wp\/v2\/types\/post"}],"author":[{"embeddable":true,"href":"https:\/\/www.paparazzinews.com.br\/index.php?rest_route=\/wp\/v2\/users\/1"}],"replies":[{"embeddable":true,"href":"https:\/\/www.paparazzinews.com.br\/index.php?rest_route=%2Fwp%2Fv2%2Fcomments&post=13877"}],"version-history":[{"count":2,"href":"https:\/\/www.paparazzinews.com.br\/index.php?rest_route=\/wp\/v2\/posts\/13877\/revisions"}],"predecessor-version":[{"id":13881,"href":"https:\/\/www.paparazzinews.com.br\/index.php?rest_route=\/wp\/v2\/posts\/13877\/revisions\/13881"}],"wp:featuredmedia":[{"embeddable":true,"href":"https:\/\/www.paparazzinews.com.br\/index.php?rest_route=\/wp\/v2\/media\/13878"}],"wp:attachment":[{"href":"https:\/\/www.paparazzinews.com.br\/index.php?rest_route=%2Fwp%2Fv2%2Fmedia&parent=13877"}],"wp:term":[{"taxonomy":"category","embeddable":true,"href":"https:\/\/www.paparazzinews.com.br\/index.php?rest_route=%2Fwp%2Fv2%2Fcategories&post=13877"},{"taxonomy":"post_tag","embeddable":true,"href":"https:\/\/www.paparazzinews.com.br\/index.php?rest_route=%2Fwp%2Fv2%2Ftags&post=13877"}],"curies":[{"name":"wp","href":"https:\/\/api.w.org\/{rel}","templated":true}]}}