{"id":1387,"date":"2022-12-08T14:28:31","date_gmt":"2022-12-08T17:28:31","guid":{"rendered":"https:\/\/www.paparazzinews.com.br\/?p=1387"},"modified":"2022-12-08T14:28:32","modified_gmt":"2022-12-08T17:28:32","slug":"atencao-para-mudancas-de-local-e-horario-da-feira-em-andradina","status":"publish","type":"post","link":"https:\/\/www.paparazzinews.com.br\/?p=1387","title":{"rendered":"Aten\u00e7\u00e3o para mudan\u00e7as de local e hor\u00e1rio da feira em Andradina"},"content":{"rendered":"\n<p>Devido a proximidade das festas de Natal e Ano Novo as feiras realizadas na \u00e1rea central de Andradina, tendo como refer\u00eancia o cruzamento das ruas Cear\u00e1 e Rodrigues Alves mudam de data e hor\u00e1rio.<\/p>\n\n\n\n<p>A informa\u00e7\u00e3o \u00e9 da secret\u00e1ria de Agricultura, Meio Ambiente, Produ\u00e7\u00e3o e Agricultura Familiar, Leila Rodrigues, que confirmou que as feiras ser\u00e3o antecipadas do domingo para o s\u00e1bado em 24 e 31 de dezembro, sendo realizadas no per\u00edodo das 6h \u00e0s 15h na Pra\u00e7a Stelio Machado Loureiro, popularmente conhecida como Pra\u00e7a do Teodoro.<\/p>\n\n\n\n<p>Segundo Leila o objetivo \u00e9 atender aos interesses dos frequentadores e dos feirantes que esperam o costumeiro aumento de atividade movido pelas festividades.<\/p>\n","protected":false},"excerpt":{"rendered":"<p>Devido a proximidade das festas de Natal e Ano Novo as feiras realizadas na \u00e1rea central de Andradina, tendo como refer\u00eancia o cruzamento das ruas Cear\u00e1 e Rodrigues Alves mudam de data e hor\u00e1rio. A informa\u00e7\u00e3o \u00e9 da secret\u00e1ria de Agricultura, Meio Ambiente, Produ\u00e7\u00e3o e Agricultura Familiar, Leila Rodrigues, que confirmou que as feiras ser\u00e3o &hellip;<\/p>\n","protected":false},"author":1,"featured_media":1388,"comment_status":"open","ping_status":"open","sticky":false,"template":"","format":"standard","meta":{"_jetpack_memberships_contains_paid_content":false,"footnotes":"","jetpack_publicize_message":"","jetpack_publicize_feature_enabled":true,"jetpack_social_post_already_shared":false,"jetpack_social_options":{"image_generator_settings":{"template":"highway","default_image_id":0,"enabled":false},"version":2}},"categories":[4],"tags":[],"class_list":["post-1387","post","type-post","status-publish","format-standard","has-post-thumbnail","hentry","category-regiao"],"jetpack_publicize_connections":[],"jetpack_featured_media_url":"https:\/\/i0.wp.com\/www.paparazzinews.com.br\/wp-content\/uploads\/2022\/12\/0ec6bf26-70dc-4d9b-8c8b-03ff9e5e97b7.jpg?fit=500%2C334&ssl=1","views":"4060","jetpack_likes_enabled":true,"jetpack_sharing_enabled":true,"_links":{"self":[{"href":"https:\/\/www.paparazzinews.com.br\/index.php?rest_route=\/wp\/v2\/posts\/1387","targetHints":{"allow":["GET"]}}],"collection":[{"href":"https:\/\/www.paparazzinews.com.br\/index.php?rest_route=\/wp\/v2\/posts"}],"about":[{"href":"https:\/\/www.paparazzinews.com.br\/index.php?rest_route=\/wp\/v2\/types\/post"}],"author":[{"embeddable":true,"href":"https:\/\/www.paparazzinews.com.br\/index.php?rest_route=\/wp\/v2\/users\/1"}],"replies":[{"embeddable":true,"href":"https:\/\/www.paparazzinews.com.br\/index.php?rest_route=%2Fwp%2Fv2%2Fcomments&post=1387"}],"version-history":[{"count":1,"href":"https:\/\/www.paparazzinews.com.br\/index.php?rest_route=\/wp\/v2\/posts\/1387\/revisions"}],"predecessor-version":[{"id":1389,"href":"https:\/\/www.paparazzinews.com.br\/index.php?rest_route=\/wp\/v2\/posts\/1387\/revisions\/1389"}],"wp:featuredmedia":[{"embeddable":true,"href":"https:\/\/www.paparazzinews.com.br\/index.php?rest_route=\/wp\/v2\/media\/1388"}],"wp:attachment":[{"href":"https:\/\/www.paparazzinews.com.br\/index.php?rest_route=%2Fwp%2Fv2%2Fmedia&parent=1387"}],"wp:term":[{"taxonomy":"category","embeddable":true,"href":"https:\/\/www.paparazzinews.com.br\/index.php?rest_route=%2Fwp%2Fv2%2Fcategories&post=1387"},{"taxonomy":"post_tag","embeddable":true,"href":"https:\/\/www.paparazzinews.com.br\/index.php?rest_route=%2Fwp%2Fv2%2Ftags&post=1387"}],"curies":[{"name":"wp","href":"https:\/\/api.w.org\/{rel}","templated":true}]}}