{"id":1381,"date":"2022-12-08T14:24:52","date_gmt":"2022-12-08T17:24:52","guid":{"rendered":"https:\/\/www.paparazzinews.com.br\/?p=1381"},"modified":"2022-12-08T14:24:53","modified_gmt":"2022-12-08T17:24:53","slug":"programa-mais-pecuaria-brasil-e-lancado-em-andradina","status":"publish","type":"post","link":"https:\/\/www.paparazzinews.com.br\/?p=1381","title":{"rendered":"Programa Mais Pecu\u00e1ria Brasil \u00e9 lan\u00e7ado em Andradina"},"content":{"rendered":"\n<p>Em atividade virtual, para Andradina e outras cidades simultaneamente, o +Pecu\u00e1ria Brasil \u2013 um programa de melhoramento gen\u00e9tico que tem como objetivo o desenvolvimento do rebanho bovino atrav\u00e9s da insemina\u00e7\u00e3o artificial, foi lan\u00e7ado nesta quarta-feira, 7, \u00e0s 10h em Andradina.<br>&nbsp;<br>A a\u00e7\u00e3o \u00e9 promovida pela Prefeitura de Andradina por meio da Secretaria da Agricultura, Meio Ambiente, Produ\u00e7\u00e3o e Agricultura Familiar em acordo de coopera\u00e7\u00e3o com a Confedera\u00e7\u00e3o Nacional de Agricultores Familiares e Empreendedores Familiares Rurais (Conafer).<br>&nbsp;<br>\u201cEste programa nos dar\u00e1 direito de realizar, ao longo de quatro anos, 2.400 insemina\u00e7\u00f5es, sendo 600 a cada ano. O munic\u00edpio ter\u00e1 um t\u00e9cnico local capacitado para acompanhamento dos agricultores\u201d, explicou a Secret\u00e1ria Leila Rodrigues.<br>&nbsp;<br>Leila esclareceu tamb\u00e9m que haver\u00e1 um cadastramento dos produtores e posterior sele\u00e7\u00e3o dos animais que ser\u00e3o inseminados. \u201cO crit\u00e9rio b\u00e1sico \u00e9 que seja agricultor familiar, tenha animal com score corporal adequado para receber a insemina\u00e7\u00e3o e espa\u00e7o apropriado para conten\u00e7\u00e3o dos bovinos\u201d, finalizou.<\/p>\n","protected":false},"excerpt":{"rendered":"<p>Em atividade virtual, para Andradina e outras cidades simultaneamente, o +Pecu\u00e1ria Brasil \u2013 um programa de melhoramento gen\u00e9tico que tem como objetivo o desenvolvimento do rebanho bovino atrav\u00e9s da insemina\u00e7\u00e3o artificial, foi lan\u00e7ado nesta quarta-feira, 7, \u00e0s 10h em Andradina.&nbsp;A a\u00e7\u00e3o \u00e9 promovida pela Prefeitura de Andradina por meio da Secretaria da Agricultura, Meio Ambiente, &hellip;<\/p>\n","protected":false},"author":1,"featured_media":1382,"comment_status":"open","ping_status":"open","sticky":false,"template":"","format":"standard","meta":{"_jetpack_memberships_contains_paid_content":false,"footnotes":"","jetpack_publicize_message":"","jetpack_publicize_feature_enabled":true,"jetpack_social_post_already_shared":false,"jetpack_social_options":{"image_generator_settings":{"template":"highway","default_image_id":0,"enabled":false},"version":2}},"categories":[4],"tags":[],"class_list":["post-1381","post","type-post","status-publish","format-standard","has-post-thumbnail","hentry","category-regiao"],"jetpack_publicize_connections":[],"jetpack_featured_media_url":"https:\/\/i0.wp.com\/www.paparazzinews.com.br\/wp-content\/uploads\/2022\/12\/55d5e677-b6a1-472b-8df7-3ebb405724c1-e1670520280245.jpg?fit=1000%2C750&ssl=1","views":"3454","jetpack_likes_enabled":true,"jetpack_sharing_enabled":true,"_links":{"self":[{"href":"https:\/\/www.paparazzinews.com.br\/index.php?rest_route=\/wp\/v2\/posts\/1381","targetHints":{"allow":["GET"]}}],"collection":[{"href":"https:\/\/www.paparazzinews.com.br\/index.php?rest_route=\/wp\/v2\/posts"}],"about":[{"href":"https:\/\/www.paparazzinews.com.br\/index.php?rest_route=\/wp\/v2\/types\/post"}],"author":[{"embeddable":true,"href":"https:\/\/www.paparazzinews.com.br\/index.php?rest_route=\/wp\/v2\/users\/1"}],"replies":[{"embeddable":true,"href":"https:\/\/www.paparazzinews.com.br\/index.php?rest_route=%2Fwp%2Fv2%2Fcomments&post=1381"}],"version-history":[{"count":1,"href":"https:\/\/www.paparazzinews.com.br\/index.php?rest_route=\/wp\/v2\/posts\/1381\/revisions"}],"predecessor-version":[{"id":1383,"href":"https:\/\/www.paparazzinews.com.br\/index.php?rest_route=\/wp\/v2\/posts\/1381\/revisions\/1383"}],"wp:featuredmedia":[{"embeddable":true,"href":"https:\/\/www.paparazzinews.com.br\/index.php?rest_route=\/wp\/v2\/media\/1382"}],"wp:attachment":[{"href":"https:\/\/www.paparazzinews.com.br\/index.php?rest_route=%2Fwp%2Fv2%2Fmedia&parent=1381"}],"wp:term":[{"taxonomy":"category","embeddable":true,"href":"https:\/\/www.paparazzinews.com.br\/index.php?rest_route=%2Fwp%2Fv2%2Fcategories&post=1381"},{"taxonomy":"post_tag","embeddable":true,"href":"https:\/\/www.paparazzinews.com.br\/index.php?rest_route=%2Fwp%2Fv2%2Ftags&post=1381"}],"curies":[{"name":"wp","href":"https:\/\/api.w.org\/{rel}","templated":true}]}}