{"id":13803,"date":"2024-11-27T15:26:35","date_gmt":"2024-11-27T18:26:35","guid":{"rendered":"https:\/\/www.paparazzinews.com.br\/?p=13803"},"modified":"2024-11-27T15:26:36","modified_gmt":"2024-11-27T18:26:36","slug":"governo-de-sao-paulo-e-belgica-firmam-acordo-para-capacitar-profissionais-de-saude-em-epilepsia","status":"publish","type":"post","link":"https:\/\/www.paparazzinews.com.br\/?p=13803","title":{"rendered":"Governo de S\u00e3o Paulo e B\u00e9lgica firmam acordo para capacitar profissionais de sa\u00fade em epilepsia"},"content":{"rendered":"\n<p>O governador Tarc\u00edsio de Freitas recebeu a Princesa Astrid da B\u00e9lgica no Pal\u00e1cio dos Bandeirantes para assinar uma carta de inten\u00e7\u00f5es com a multinacional belga UCB Biopharma. O acordo visa implementar um programa digital de educa\u00e7\u00e3o m\u00e9dica em epilepsia para profissionais da sa\u00fade do sistema p\u00fablico. A informa\u00e7\u00e3o \u00e9 do Roni Paparazzi e <em>Foto: Marcelo Camargo\/Governo de S\u00e3o Paulo<\/em>.<\/p>\n\n\n\n<p>O programa tem como objetivo melhorar o manejo terap\u00eautico da epilepsia e disseminar informa\u00e7\u00f5es para a sociedade. A Secretaria de Sa\u00fade do Governo de S\u00e3o Paulo tamb\u00e9m destacou a import\u00e2ncia de protocolos de avan\u00e7os na \u00e1rea da sa\u00fade, incluindo oncologia e radiof\u00e1rmacos.<\/p>\n\n\n\n<p>Al\u00e9m disso, o Governo de S\u00e3o Paulo firmou outro acordo com organiza\u00e7\u00f5es belgas para colabora\u00e7\u00e3o em educa\u00e7\u00e3o, treinamento e pesquisa na \u00e1rea de macrof\u00e1rmacos. O governador Tarc\u00edsio de Freitas ressaltou a import\u00e2ncia de manter uma excelente rela\u00e7\u00e3o com empresas de alt\u00edssima tecnologia para tornar a produ\u00e7\u00e3o mais sustent\u00e1vel.<\/p>\n\n\n\n<p><strong><em><strong><em><strong><em><strong><em><strong><em><strong><em><strong><em><strong><em><strong><em><strong><em><strong><em><strong><em><strong><em><strong><em><strong><em><strong><em><strong>Siga nossas redes sociais no\u00a0<a href=\"https:\/\/www.instagram.com\/ronipaparazzi\/\">Instagram\u00a0<\/a>e\u00a0<a href=\"https:\/\/www.facebook.com\/ronipaparazzicomvoce\">Facebook<\/a>\u00a0participe da nossa comunidade do Canal Roni Paparazzi no Whatsapp e receba as principais not\u00edcias da regi\u00e3o de Ara\u00e7atuba do dia direto no seu celular.<\/strong>\u00a0<a href=\"https:\/\/chat.whatsapp.com\/GsG1XKo0jPOEfjzudWQcml\" target=\"_blank\" rel=\"noreferrer noopener\">\u00a0Clique aqui e se inscreva.<\/a><\/em><\/strong><\/em><\/strong><\/em><\/strong><\/em><\/strong><\/em><\/strong><\/em><\/strong><\/em><\/strong><\/em><\/strong><\/em><\/strong><\/em><\/strong><\/em><\/strong><\/em><\/strong><\/em><\/strong><\/em><\/strong><\/em><\/strong><\/em><\/strong><\/p>\n","protected":false},"excerpt":{"rendered":"<p>O governador Tarc\u00edsio de Freitas recebeu a Princesa Astrid da B\u00e9lgica no Pal\u00e1cio dos Bandeirantes para assinar uma carta de inten\u00e7\u00f5es com a multinacional belga UCB Biopharma. O acordo visa implementar um programa digital de educa\u00e7\u00e3o m\u00e9dica em epilepsia para profissionais da sa\u00fade do sistema p\u00fablico. A informa\u00e7\u00e3o \u00e9 do Roni Paparazzi e Foto: Marcelo &hellip;<\/p>\n","protected":false},"author":1,"featured_media":13804,"comment_status":"open","ping_status":"open","sticky":false,"template":"","format":"standard","meta":{"_jetpack_memberships_contains_paid_content":false,"footnotes":"","jetpack_publicize_message":"","jetpack_publicize_feature_enabled":true,"jetpack_social_post_already_shared":false,"jetpack_social_options":{"image_generator_settings":{"template":"highway","default_image_id":0,"enabled":false},"version":2}},"categories":[4],"tags":[],"class_list":["post-13803","post","type-post","status-publish","format-standard","has-post-thumbnail","hentry","category-regiao"],"jetpack_publicize_connections":[],"jetpack_featured_media_url":"https:\/\/i0.wp.com\/www.paparazzinews.com.br\/wp-content\/uploads\/2024\/11\/54166656638_39395d7148_k-1024x1024-1.jpg?fit=1024%2C1024&ssl=1","views":"923","jetpack_likes_enabled":true,"jetpack_sharing_enabled":true,"_links":{"self":[{"href":"https:\/\/www.paparazzinews.com.br\/index.php?rest_route=\/wp\/v2\/posts\/13803","targetHints":{"allow":["GET"]}}],"collection":[{"href":"https:\/\/www.paparazzinews.com.br\/index.php?rest_route=\/wp\/v2\/posts"}],"about":[{"href":"https:\/\/www.paparazzinews.com.br\/index.php?rest_route=\/wp\/v2\/types\/post"}],"author":[{"embeddable":true,"href":"https:\/\/www.paparazzinews.com.br\/index.php?rest_route=\/wp\/v2\/users\/1"}],"replies":[{"embeddable":true,"href":"https:\/\/www.paparazzinews.com.br\/index.php?rest_route=%2Fwp%2Fv2%2Fcomments&post=13803"}],"version-history":[{"count":1,"href":"https:\/\/www.paparazzinews.com.br\/index.php?rest_route=\/wp\/v2\/posts\/13803\/revisions"}],"predecessor-version":[{"id":13805,"href":"https:\/\/www.paparazzinews.com.br\/index.php?rest_route=\/wp\/v2\/posts\/13803\/revisions\/13805"}],"wp:featuredmedia":[{"embeddable":true,"href":"https:\/\/www.paparazzinews.com.br\/index.php?rest_route=\/wp\/v2\/media\/13804"}],"wp:attachment":[{"href":"https:\/\/www.paparazzinews.com.br\/index.php?rest_route=%2Fwp%2Fv2%2Fmedia&parent=13803"}],"wp:term":[{"taxonomy":"category","embeddable":true,"href":"https:\/\/www.paparazzinews.com.br\/index.php?rest_route=%2Fwp%2Fv2%2Fcategories&post=13803"},{"taxonomy":"post_tag","embeddable":true,"href":"https:\/\/www.paparazzinews.com.br\/index.php?rest_route=%2Fwp%2Fv2%2Ftags&post=13803"}],"curies":[{"name":"wp","href":"https:\/\/api.w.org\/{rel}","templated":true}]}}