{"id":1369,"date":"2022-12-05T16:45:38","date_gmt":"2022-12-05T19:45:38","guid":{"rendered":"https:\/\/www.paparazzinews.com.br\/?p=1369"},"modified":"2022-12-05T16:45:39","modified_gmt":"2022-12-05T19:45:39","slug":"predio-da-policia-civil-de-andradina-entra-em-reforma","status":"publish","type":"post","link":"https:\/\/www.paparazzinews.com.br\/?p=1369","title":{"rendered":"Pr\u00e9dio da Pol\u00edcia Civil de Andradina entra em reforma"},"content":{"rendered":"\n<p>A partir de 01\/12 o pr\u00e9dio do 1\u00b0 Distrito Policial estar\u00e1 fechado para obras de reforma e amplia\u00e7\u00e3o, o pr\u00e9dio, situado na rua Guararapes 902, esquina com a rua Alexandre Salom\u00e3o, ir\u00e1 abrigar no futuro a CPJ Centro de Pol\u00edcia Judici\u00e1ria que atender\u00e1 ocorr\u00eancias dos 1\u00b0 e 2\u00b0 Distritos Policiais, DIG, DISE e Central de flagrantes com plant\u00e3o permanente 24 horas.<\/p>\n\n\n\n<p>Enquanto durarem as obras, o atendimento do 1\u00b0 Distrito ser\u00e1 feito no pr\u00e9dio da Delegacia Seccional de Pol\u00edcia sito \u00e0 rua S\u00e3o Francisco, 871, bairro Benfica. Portanto os moradores da cidade de Andradina dos bairros abaixo da linha f\u00e9rrea dever\u00e3o registrar suas ocorr\u00eancias na Seccional das 08 \u00e0s 18 hs, ou no plant\u00e3o permanente anexo ao pr\u00e9dio.<\/p>\n","protected":false},"excerpt":{"rendered":"<p>A partir de 01\/12 o pr\u00e9dio do 1\u00b0 Distrito Policial estar\u00e1 fechado para obras de reforma e amplia\u00e7\u00e3o, o pr\u00e9dio, situado na rua Guararapes 902, esquina com a rua Alexandre Salom\u00e3o, ir\u00e1 abrigar no futuro a CPJ Centro de Pol\u00edcia Judici\u00e1ria que atender\u00e1 ocorr\u00eancias dos 1\u00b0 e 2\u00b0 Distritos Policiais, DIG, DISE e Central de &hellip;<\/p>\n","protected":false},"author":1,"featured_media":1370,"comment_status":"open","ping_status":"open","sticky":false,"template":"","format":"standard","meta":{"_jetpack_memberships_contains_paid_content":false,"footnotes":"","jetpack_publicize_message":"","jetpack_publicize_feature_enabled":true,"jetpack_social_post_already_shared":false,"jetpack_social_options":{"image_generator_settings":{"template":"highway","default_image_id":0,"enabled":false},"version":2}},"categories":[3],"tags":[],"class_list":["post-1369","post","type-post","status-publish","format-standard","has-post-thumbnail","hentry","category-policial"],"jetpack_publicize_connections":[],"jetpack_featured_media_url":"https:\/\/i0.wp.com\/www.paparazzinews.com.br\/wp-content\/uploads\/2022\/12\/IMG_4559.jpg?fit=800%2C600&ssl=1","views":"2543","jetpack_likes_enabled":true,"jetpack_sharing_enabled":true,"_links":{"self":[{"href":"https:\/\/www.paparazzinews.com.br\/index.php?rest_route=\/wp\/v2\/posts\/1369","targetHints":{"allow":["GET"]}}],"collection":[{"href":"https:\/\/www.paparazzinews.com.br\/index.php?rest_route=\/wp\/v2\/posts"}],"about":[{"href":"https:\/\/www.paparazzinews.com.br\/index.php?rest_route=\/wp\/v2\/types\/post"}],"author":[{"embeddable":true,"href":"https:\/\/www.paparazzinews.com.br\/index.php?rest_route=\/wp\/v2\/users\/1"}],"replies":[{"embeddable":true,"href":"https:\/\/www.paparazzinews.com.br\/index.php?rest_route=%2Fwp%2Fv2%2Fcomments&post=1369"}],"version-history":[{"count":1,"href":"https:\/\/www.paparazzinews.com.br\/index.php?rest_route=\/wp\/v2\/posts\/1369\/revisions"}],"predecessor-version":[{"id":1371,"href":"https:\/\/www.paparazzinews.com.br\/index.php?rest_route=\/wp\/v2\/posts\/1369\/revisions\/1371"}],"wp:featuredmedia":[{"embeddable":true,"href":"https:\/\/www.paparazzinews.com.br\/index.php?rest_route=\/wp\/v2\/media\/1370"}],"wp:attachment":[{"href":"https:\/\/www.paparazzinews.com.br\/index.php?rest_route=%2Fwp%2Fv2%2Fmedia&parent=1369"}],"wp:term":[{"taxonomy":"category","embeddable":true,"href":"https:\/\/www.paparazzinews.com.br\/index.php?rest_route=%2Fwp%2Fv2%2Fcategories&post=1369"},{"taxonomy":"post_tag","embeddable":true,"href":"https:\/\/www.paparazzinews.com.br\/index.php?rest_route=%2Fwp%2Fv2%2Ftags&post=1369"}],"curies":[{"name":"wp","href":"https:\/\/api.w.org\/{rel}","templated":true}]}}