{"id":13685,"date":"2024-11-22T14:14:20","date_gmt":"2024-11-22T17:14:20","guid":{"rendered":"https:\/\/www.paparazzinews.com.br\/?p=13685"},"modified":"2024-11-22T14:14:20","modified_gmt":"2024-11-22T17:14:20","slug":"governo-de-sao-paulo-lanca-edital-para-2-700-vagas-de-soldado-da-pm","status":"publish","type":"post","link":"https:\/\/www.paparazzinews.com.br\/?p=13685","title":{"rendered":"Governo de S\u00e3o Paulo lan\u00e7a edital para 2.700 vagas de soldado da PM"},"content":{"rendered":"\n<p>Um novo concurso p\u00fablico para a Pol\u00edcia Militar de S\u00e3o Paulo foi lan\u00e7ado, oferecendo 2.700 vagas para o cargo de Soldado de 2\u00aa Classe. As inscri\u00e7\u00f5es come\u00e7am nesta sexta-feira (22\/11) e v\u00e3o at\u00e9 o dia 22 de dezembro. A informa\u00e7\u00e3o \u00e9 do Roni Paparazzi e Foto: Divulga\u00e7\u00e3o\/SSP.<\/p>\n\n\n\n<p><strong>Requisitos<\/strong><\/p>\n\n\n\n<p>Para participar, os candidatos precisam:<\/p>\n\n\n\n<ul class=\"wp-block-list\">\n<li>Ter entre 17 e 30 anos<\/li>\n\n\n\n<li>Estar em dia com os certificados eleitorais e militares<\/li>\n\n\n\n<li>Ter altura m\u00ednima de 1,55m (mulheres) e 1,60m (homens)<\/li>\n\n\n\n<li>Ter ensino m\u00e9dio ou equivalente<\/li>\n\n\n\n<li>Possuir CNH entre as categorias &#8220;B&#8221; e &#8220;E&#8221;<\/li>\n<\/ul>\n\n\n\n<p><strong>Processo Seletivo<\/strong><\/p>\n\n\n\n<p>O processo \u00e9 composto por cinco fases:<\/p>\n\n\n\n<ol class=\"wp-block-list\">\n<li>Exame de Conhecimentos: previsto para 16 de fevereiro de 2025<\/li>\n\n\n\n<li>Exame de Aptid\u00e3o F\u00edsica<\/li>\n\n\n\n<li>Exame Psicol\u00f3gico<\/li>\n\n\n\n<li>Avalia\u00e7\u00e3o de Conduta Social, Reputa\u00e7\u00e3o e Idoneidade<\/li>\n\n\n\n<li>An\u00e1lise de Documentos<\/li>\n<\/ol>\n\n\n\n<p><strong>Sal\u00e1rio e Benef\u00edcios<\/strong><\/p>\n\n\n\n<p>O sal\u00e1rio inicial \u00e9 de R$ 4.852,21.<\/p>\n\n\n\n<p><strong>Inscri\u00e7\u00f5es<\/strong><\/p>\n\n\n\n<p>As inscri\u00e7\u00f5es devem ser feitas pelo site da Funda\u00e7\u00e3o Get\u00falio Vargas, com taxa de R$ 85.<\/p>\n\n\n\n<p><strong>Outras Informa\u00e7\u00f5es<\/strong><\/p>\n\n\n\n<ul class=\"wp-block-list\">\n<li>51 munic\u00edpios oferecer\u00e3o provas, sendo 37 em S\u00e3o Paulo e 14 em outras regi\u00f5es<\/li>\n\n\n\n<li>O concurso ter\u00e1 validade de tr\u00eas meses, podendo ser prorrogado<\/li>\n\n\n\n<li>Mais informa\u00e7\u00f5es no Di\u00e1rio Oficial do Estado e no site da FGV<\/li>\n<\/ul>\n\n\n\n<p><strong><em><strong><em><strong><em><strong><em><strong><em><strong><em><strong><em><strong><em><strong>Siga nossas redes sociais no&nbsp;<a href=\"https:\/\/www.instagram.com\/ronipaparazzi\/\">Instagram&nbsp;<\/a>e&nbsp;<a href=\"https:\/\/www.facebook.com\/ronipaparazzicomvoce\">Facebook<\/a>&nbsp;participe da nossa comunidade do Canal Roni Paparazzi no Whatsapp e receba as principais not\u00edcias da regi\u00e3o de Ara\u00e7atuba do dia direto no seu celular.<\/strong>&nbsp;<a href=\"https:\/\/chat.whatsapp.com\/GsG1XKo0jPOEfjzudWQcml\" target=\"_blank\" rel=\"noreferrer noopener\">&nbsp;Clique aqui e se inscreva.<\/a><\/em><\/strong><\/em><\/strong><\/em><\/strong><\/em><\/strong><\/em><\/strong><\/em><\/strong><\/em><\/strong><\/em><\/strong><\/p>\n","protected":false},"excerpt":{"rendered":"<p>Um novo concurso p\u00fablico para a Pol\u00edcia Militar de S\u00e3o Paulo foi lan\u00e7ado, oferecendo 2.700 vagas para o cargo de Soldado de 2\u00aa Classe. As inscri\u00e7\u00f5es come\u00e7am nesta sexta-feira (22\/11) e v\u00e3o at\u00e9 o dia 22 de dezembro. A informa\u00e7\u00e3o \u00e9 do Roni Paparazzi e Foto: Divulga\u00e7\u00e3o\/SSP. Requisitos Para participar, os candidatos precisam: Ter entre &hellip;<\/p>\n","protected":false},"author":1,"featured_media":13686,"comment_status":"open","ping_status":"open","sticky":false,"template":"","format":"standard","meta":{"_jetpack_memberships_contains_paid_content":false,"footnotes":"","jetpack_publicize_message":"","jetpack_publicize_feature_enabled":true,"jetpack_social_post_already_shared":false,"jetpack_social_options":{"image_generator_settings":{"template":"highway","default_image_id":0,"enabled":false},"version":2}},"categories":[3],"tags":[],"class_list":["post-13685","post","type-post","status-publish","format-standard","has-post-thumbnail","hentry","category-policial"],"jetpack_publicize_connections":[],"jetpack_featured_media_url":"https:\/\/i0.wp.com\/www.paparazzinews.com.br\/wp-content\/uploads\/2024\/11\/Policia-Militar-2-1024x682-1.jpeg?fit=1024%2C682&ssl=1","views":"1010","jetpack_likes_enabled":true,"jetpack_sharing_enabled":true,"_links":{"self":[{"href":"https:\/\/www.paparazzinews.com.br\/index.php?rest_route=\/wp\/v2\/posts\/13685","targetHints":{"allow":["GET"]}}],"collection":[{"href":"https:\/\/www.paparazzinews.com.br\/index.php?rest_route=\/wp\/v2\/posts"}],"about":[{"href":"https:\/\/www.paparazzinews.com.br\/index.php?rest_route=\/wp\/v2\/types\/post"}],"author":[{"embeddable":true,"href":"https:\/\/www.paparazzinews.com.br\/index.php?rest_route=\/wp\/v2\/users\/1"}],"replies":[{"embeddable":true,"href":"https:\/\/www.paparazzinews.com.br\/index.php?rest_route=%2Fwp%2Fv2%2Fcomments&post=13685"}],"version-history":[{"count":1,"href":"https:\/\/www.paparazzinews.com.br\/index.php?rest_route=\/wp\/v2\/posts\/13685\/revisions"}],"predecessor-version":[{"id":13687,"href":"https:\/\/www.paparazzinews.com.br\/index.php?rest_route=\/wp\/v2\/posts\/13685\/revisions\/13687"}],"wp:featuredmedia":[{"embeddable":true,"href":"https:\/\/www.paparazzinews.com.br\/index.php?rest_route=\/wp\/v2\/media\/13686"}],"wp:attachment":[{"href":"https:\/\/www.paparazzinews.com.br\/index.php?rest_route=%2Fwp%2Fv2%2Fmedia&parent=13685"}],"wp:term":[{"taxonomy":"category","embeddable":true,"href":"https:\/\/www.paparazzinews.com.br\/index.php?rest_route=%2Fwp%2Fv2%2Fcategories&post=13685"},{"taxonomy":"post_tag","embeddable":true,"href":"https:\/\/www.paparazzinews.com.br\/index.php?rest_route=%2Fwp%2Fv2%2Ftags&post=13685"}],"curies":[{"name":"wp","href":"https:\/\/api.w.org\/{rel}","templated":true}]}}