{"id":13660,"date":"2024-11-21T14:04:35","date_gmt":"2024-11-21T17:04:35","guid":{"rendered":"https:\/\/www.paparazzinews.com.br\/?p=13660"},"modified":"2024-11-21T14:04:36","modified_gmt":"2024-11-21T17:04:36","slug":"edson-murilo-o-prefeito-da-estacao-se-uma-historia-de-sucesso-e-inclusao","status":"publish","type":"post","link":"https:\/\/www.paparazzinews.com.br\/?p=13660","title":{"rendered":"&#8220;Edson Murilo, o &#8216;prefeito&#8217; da Esta\u00e7\u00e3o S\u00e9: Uma hist\u00f3ria de sucesso e inclus\u00e3o&#8221;"},"content":{"rendered":"\n<p>No cora\u00e7\u00e3o de S\u00e3o Paulo, duas das maiores linhas de metr\u00f4 se encontram, e \u00e9 l\u00e1 que Edson Murilo, conhecido como o &#8220;prefeito da esta\u00e7\u00e3o S\u00e9&#8221;, administra uma &#8220;cidade subterr\u00e2nea&#8221; com 400 mil pessoas. Com uma carreira de 27 anos no Metr\u00f4, Edson come\u00e7ou como agente de seguran\u00e7a e chegou a supervisor operacional em 2020. A informa\u00e7\u00e3o \u00e9 do Roni Paparazzi e \u00a0Foto: Divulga\u00e7\u00e3o\/Governo de S\u00e3o Paulo.<\/p>\n\n\n\n<p><strong>Uma Trajet\u00f3ria Inspiradora<\/strong><\/p>\n\n\n\n<p>Edson coordena uma equipe de 140 pessoas, respons\u00e1vel por garantir a seguran\u00e7a e o bem-estar dos passageiros e colaboradores. Sua rotina inclui monitoramento de fluxo, apoio operacional, limpeza e manuten\u00e7\u00e3o. Ele tamb\u00e9m \u00e9 respons\u00e1vel por cuidar de seis obras de arte do acervo permanente do Metr\u00f4 e administrar a Central de Achados e Perdidos.<\/p>\n\n\n\n<p><strong>Um L\u00edder que Inspira<\/strong><\/p>\n\n\n\n<p>&#8220;Eu, como negro, sinto muito orgulho de comandar a maior esta\u00e7\u00e3o do Metr\u00f4&#8221;, afirma Edson. Sua hist\u00f3ria \u00e9 um exemplo de como a inclus\u00e3o pode fortalecer o ambiente corporativo e promover o crescimento profissional.<\/p>\n\n\n\n<p><strong>O Metr\u00f4 e a Diversidade<\/strong><\/p>\n\n\n\n<p>O Dia da Consci\u00eancia Negra \u00e9 uma oportunidade para reflex\u00e3o e valoriza\u00e7\u00e3o de l\u00edderes como Edson Murilo. O Metr\u00f4 reafirma seu compromisso com a cria\u00e7\u00e3o de um ambiente inclusivo, onde todos t\u00eam oportunidades de crescimento.<\/p>\n\n\n\n<p><strong><em><strong><em><strong><em><strong><em><strong><em><strong><em><strong><em><strong><em><strong>Siga nossas redes sociais no\u00a0<a href=\"https:\/\/www.instagram.com\/ronipaparazzi\/\">Instagram\u00a0<\/a>e\u00a0<a href=\"https:\/\/www.facebook.com\/ronipaparazzicomvoce\">Facebook<\/a>\u00a0participe da nossa comunidade do Canal Roni Paparazzi no Whatsapp e receba as principais not\u00edcias da regi\u00e3o de Ara\u00e7atuba do dia direto no seu celular.<\/strong>\u00a0<a href=\"https:\/\/chat.whatsapp.com\/GsG1XKo0jPOEfjzudWQcml\" target=\"_blank\" rel=\"noreferrer noopener\">\u00a0Clique aqui e se inscreva.<\/a><\/em><\/strong><\/em><\/strong><\/em><\/strong><\/em><\/strong><\/em><\/strong><\/em><\/strong><\/em><\/strong><\/em><\/strong><\/p>\n","protected":false},"excerpt":{"rendered":"<p>No cora\u00e7\u00e3o de S\u00e3o Paulo, duas das maiores linhas de metr\u00f4 se encontram, e \u00e9 l\u00e1 que Edson Murilo, conhecido como o &#8220;prefeito da esta\u00e7\u00e3o S\u00e9&#8221;, administra uma &#8220;cidade subterr\u00e2nea&#8221; com 400 mil pessoas. Com uma carreira de 27 anos no Metr\u00f4, Edson come\u00e7ou como agente de seguran\u00e7a e chegou a supervisor operacional em 2020. &hellip;<\/p>\n","protected":false},"author":1,"featured_media":13661,"comment_status":"open","ping_status":"open","sticky":false,"template":"","format":"standard","meta":{"_jetpack_memberships_contains_paid_content":false,"footnotes":"","jetpack_publicize_message":"","jetpack_publicize_feature_enabled":true,"jetpack_social_post_already_shared":false,"jetpack_social_options":{"image_generator_settings":{"template":"highway","default_image_id":0,"enabled":false},"version":2}},"categories":[4],"tags":[],"class_list":["post-13660","post","type-post","status-publish","format-standard","has-post-thumbnail","hentry","category-regiao"],"jetpack_publicize_connections":[],"jetpack_featured_media_url":"https:\/\/i0.wp.com\/www.paparazzinews.com.br\/wp-content\/uploads\/2024\/11\/Captura-de-Tela-2024-11-20-as-09.40.31-1024x570-1.jpg?fit=1024%2C570&ssl=1","views":"1029","jetpack_likes_enabled":true,"jetpack_sharing_enabled":true,"_links":{"self":[{"href":"https:\/\/www.paparazzinews.com.br\/index.php?rest_route=\/wp\/v2\/posts\/13660","targetHints":{"allow":["GET"]}}],"collection":[{"href":"https:\/\/www.paparazzinews.com.br\/index.php?rest_route=\/wp\/v2\/posts"}],"about":[{"href":"https:\/\/www.paparazzinews.com.br\/index.php?rest_route=\/wp\/v2\/types\/post"}],"author":[{"embeddable":true,"href":"https:\/\/www.paparazzinews.com.br\/index.php?rest_route=\/wp\/v2\/users\/1"}],"replies":[{"embeddable":true,"href":"https:\/\/www.paparazzinews.com.br\/index.php?rest_route=%2Fwp%2Fv2%2Fcomments&post=13660"}],"version-history":[{"count":1,"href":"https:\/\/www.paparazzinews.com.br\/index.php?rest_route=\/wp\/v2\/posts\/13660\/revisions"}],"predecessor-version":[{"id":13662,"href":"https:\/\/www.paparazzinews.com.br\/index.php?rest_route=\/wp\/v2\/posts\/13660\/revisions\/13662"}],"wp:featuredmedia":[{"embeddable":true,"href":"https:\/\/www.paparazzinews.com.br\/index.php?rest_route=\/wp\/v2\/media\/13661"}],"wp:attachment":[{"href":"https:\/\/www.paparazzinews.com.br\/index.php?rest_route=%2Fwp%2Fv2%2Fmedia&parent=13660"}],"wp:term":[{"taxonomy":"category","embeddable":true,"href":"https:\/\/www.paparazzinews.com.br\/index.php?rest_route=%2Fwp%2Fv2%2Fcategories&post=13660"},{"taxonomy":"post_tag","embeddable":true,"href":"https:\/\/www.paparazzinews.com.br\/index.php?rest_route=%2Fwp%2Fv2%2Ftags&post=13660"}],"curies":[{"name":"wp","href":"https:\/\/api.w.org\/{rel}","templated":true}]}}