{"id":13636,"date":"2024-11-19T16:18:21","date_gmt":"2024-11-19T19:18:21","guid":{"rendered":"https:\/\/www.paparazzinews.com.br\/?p=13636"},"modified":"2024-11-19T16:18:22","modified_gmt":"2024-11-19T19:18:22","slug":"homem-e-preso-por-embriaguez-ao-volante-apos-acidente-de-transito-em-andradina","status":"publish","type":"post","link":"https:\/\/www.paparazzinews.com.br\/?p=13636","title":{"rendered":"Homem \u00e9 preso por embriaguez ao volante ap\u00f3s acidente de tr\u00e2nsito em Andradina"},"content":{"rendered":"\n<p>Na noite de domingo, 17 de novembro de 2024, um homem foi preso por embriaguez ao volante ap\u00f3s um acidente de tr\u00e2nsito sem v\u00edtimas no cruzamento das ruas Presidente Roosevelt e Olavo Bilac, no Jardim Santa Cec\u00edlia, em Andradina. A informa\u00e7\u00e3o \u00e9 do Roni Paparazzi.<\/p>\n\n\n\n<p>O acidente envolveu tr\u00eas ve\u00edculos e, ao chegar no local, a Pol\u00edcia Militar constatou que o condutor de um VW Santana, de cor vermelha, apresentava sinais de embriaguez, como dificuldade de equil\u00edbrio, fala pastosa e odor et\u00edlico. O teste do etil\u00f4metro confirmou a embriaguez, registrando 1,00 mg\/l de \u00e1lcool alveolar.<\/p>\n\n\n\n<p>O motorista foi conduzido ao plant\u00e3o policial, onde foi elaborado o flagrante por embriaguez ao volante. Al\u00e9m disso, ele tamb\u00e9m foi autuado por dirigir sem habilita\u00e7\u00e3o e sob influ\u00eancia de \u00e1lcool, permanecendo \u00e0 disposi\u00e7\u00e3o da Justi\u00e7a.<\/p>\n\n\n\n<p>Este caso \u00e9 mais um exemplo da import\u00e2ncia da fiscaliza\u00e7\u00e3o e da responsabilidade no tr\u00e2nsito.<\/p>\n\n\n\n<p><strong>Informa\u00e7\u00f5es importantes:<\/strong><\/p>\n\n\n\n<ul class=\"wp-block-list\">\n<li>Ligue 190 para denunciar casos de embriaguez ao volante.<\/li>\n\n\n\n<li>Dirija com responsabilidade e respeite as leis de tr\u00e2nsito.<\/li>\n<\/ul>\n\n\n\n<p><strong><em><strong><em><strong><em><strong><em><strong><em><strong><em><strong><em><strong><em><strong>Siga nossas redes sociais no\u00a0<a href=\"https:\/\/www.instagram.com\/ronipaparazzi\/\">Instagram\u00a0<\/a>e\u00a0<a href=\"https:\/\/www.facebook.com\/ronipaparazzicomvoce\">Facebook<\/a>\u00a0participe da nossa comunidade do Canal Roni Paparazzi no Whatsapp e receba as principais not\u00edcias da regi\u00e3o de Ara\u00e7atuba do dia direto no seu celular.<\/strong>\u00a0<a href=\"https:\/\/chat.whatsapp.com\/GsG1XKo0jPOEfjzudWQcml\" target=\"_blank\" rel=\"noreferrer noopener\">\u00a0Clique aqui e se inscreva.<\/a><\/em><\/strong><\/em><\/strong><\/em><\/strong><\/em><\/strong><\/em><\/strong><\/em><\/strong><\/em><\/strong><\/em><\/strong><\/p>\n","protected":false},"excerpt":{"rendered":"<p>Na noite de domingo, 17 de novembro de 2024, um homem foi preso por embriaguez ao volante ap\u00f3s um acidente de tr\u00e2nsito sem v\u00edtimas no cruzamento das ruas Presidente Roosevelt e Olavo Bilac, no Jardim Santa Cec\u00edlia, em Andradina. A informa\u00e7\u00e3o \u00e9 do Roni Paparazzi. O acidente envolveu tr\u00eas ve\u00edculos e, ao chegar no local, &hellip;<\/p>\n","protected":false},"author":1,"featured_media":13637,"comment_status":"open","ping_status":"open","sticky":false,"template":"","format":"standard","meta":{"_jetpack_memberships_contains_paid_content":false,"footnotes":"","jetpack_publicize_message":"","jetpack_publicize_feature_enabled":true,"jetpack_social_post_already_shared":false,"jetpack_social_options":{"image_generator_settings":{"template":"highway","default_image_id":0,"enabled":false},"version":2}},"categories":[3],"tags":[],"class_list":["post-13636","post","type-post","status-publish","format-standard","has-post-thumbnail","hentry","category-policial"],"jetpack_publicize_connections":[],"jetpack_featured_media_url":"https:\/\/i0.wp.com\/www.paparazzinews.com.br\/wp-content\/uploads\/2024\/11\/IMG_7098.jpg?fit=1024%2C683&ssl=1","views":"1190","jetpack_likes_enabled":true,"jetpack_sharing_enabled":true,"_links":{"self":[{"href":"https:\/\/www.paparazzinews.com.br\/index.php?rest_route=\/wp\/v2\/posts\/13636","targetHints":{"allow":["GET"]}}],"collection":[{"href":"https:\/\/www.paparazzinews.com.br\/index.php?rest_route=\/wp\/v2\/posts"}],"about":[{"href":"https:\/\/www.paparazzinews.com.br\/index.php?rest_route=\/wp\/v2\/types\/post"}],"author":[{"embeddable":true,"href":"https:\/\/www.paparazzinews.com.br\/index.php?rest_route=\/wp\/v2\/users\/1"}],"replies":[{"embeddable":true,"href":"https:\/\/www.paparazzinews.com.br\/index.php?rest_route=%2Fwp%2Fv2%2Fcomments&post=13636"}],"version-history":[{"count":1,"href":"https:\/\/www.paparazzinews.com.br\/index.php?rest_route=\/wp\/v2\/posts\/13636\/revisions"}],"predecessor-version":[{"id":13638,"href":"https:\/\/www.paparazzinews.com.br\/index.php?rest_route=\/wp\/v2\/posts\/13636\/revisions\/13638"}],"wp:featuredmedia":[{"embeddable":true,"href":"https:\/\/www.paparazzinews.com.br\/index.php?rest_route=\/wp\/v2\/media\/13637"}],"wp:attachment":[{"href":"https:\/\/www.paparazzinews.com.br\/index.php?rest_route=%2Fwp%2Fv2%2Fmedia&parent=13636"}],"wp:term":[{"taxonomy":"category","embeddable":true,"href":"https:\/\/www.paparazzinews.com.br\/index.php?rest_route=%2Fwp%2Fv2%2Fcategories&post=13636"},{"taxonomy":"post_tag","embeddable":true,"href":"https:\/\/www.paparazzinews.com.br\/index.php?rest_route=%2Fwp%2Fv2%2Ftags&post=13636"}],"curies":[{"name":"wp","href":"https:\/\/api.w.org\/{rel}","templated":true}]}}