{"id":136,"date":"2022-06-23T15:58:34","date_gmt":"2022-06-23T18:58:34","guid":{"rendered":"https:\/\/www.paparazzinews.com.br\/?p=136"},"modified":"2022-06-23T15:58:35","modified_gmt":"2022-06-23T18:58:35","slug":"desabastecimento-de-medicamentos-afeta-farmacias-municipais","status":"publish","type":"post","link":"https:\/\/www.paparazzinews.com.br\/?p=136","title":{"rendered":"Desabastecimento de medicamentos afeta Farm\u00e1cias Municipais"},"content":{"rendered":"\n<p>Uma nota do Conselho Regional de Farm\u00e1cia do Estado de S\u00e3o Paulo (CRF-SP), divulgada em 20 de junho de 2022, mostra que um levantamento apurou que 98,52% dos farmac\u00eauticos que responderam ao question\u00e1rio sofrem com o desabastecimento de medicamentos, destes a maioria atua em estabelecimentos do setor privado. J\u00e1 10,24% s\u00e3o do setor p\u00fablico (administra\u00e7\u00e3o direta) e o restante se divide em setor p\u00fablico (parceria privada e terceiriza\u00e7\u00f5es) e estabelecimentos filantr\u00f3picos, beneficentes, mistos e autarquias.<\/p>\n\n\n\n<p><br>O apurado desabastecimento est\u00e1 prejudicando a distribui\u00e7\u00e3o de rem\u00e9dios nas farm\u00e1cias Municipais, incluindo a da rede p\u00fablica em Andradina.<\/p>\n\n\n\n<p><br>O levantamento, realizado por meio de question\u00e1rio contendo 20 perguntas disponibilizado no portal e nas redes sociais do CRF-SP, de 19 de maio a 30 de maio de 2022, obteve 1.152 respostas v\u00e1lidas. Dessas, 93,49% dos participantes relataram sofrer com a falta de antimicrobianos (entre os mais citados amoxicilina e azitromicina); 76,56% com a falta de medicamentos mucol\u00edticos (entre os mais citados acetilciste\u00edna e ambroxol); 68,66% com a falta de medicamentos anti-histam\u00ednicos (entre os mais citados dexclorfeniramina e loratadina); 60,59% com a falta de medicamentos analg\u00e9sicos (entre os mais citados Dipirona, ibuprofeno e paracetamol) e 37,15% relataram a falta de outras classes.<\/p>\n\n\n\n<p><br>Segundo o Dr. Marcelo Polacow, presidente do CRF-SP, as crian\u00e7as s\u00e3o as que mais t\u00eam sofrido com o desabastecimento. \u201cOs relatos mostraram que os medicamentos em falta s\u00e3o principalmente em suas formula\u00e7\u00f5es l\u00edquidas, o que prejudica em especial, a popula\u00e7\u00e3o pedi\u00e1trica, j\u00e1 que a maioria dos medicamentos para esse p\u00fablico \u00e9 na forma l\u00edquida por serem mais f\u00e1ceis de administrar\u201d.<\/p>\n\n\n\n<p><strong>Principais motivos para o desabastecimento<\/strong><\/p>\n\n\n\n<p><br>Os profissionais participantes, tanto os que atuam no setor p\u00fablico quanto os que est\u00e3o no setor privado, apontaram a escassez de mercado, a alta demanda n\u00e3o esperada, falha do fornecedor e pre\u00e7o alto impratic\u00e1vel como motivos para a falta de determinados medicamentos. Situa\u00e7\u00f5es como a guerra na Ucr\u00e2nia e o lockdown na China geraram problemas log\u00edsticos para o atendimento das demandas de insumos e medicamentos.<br>Altera\u00e7\u00e3o na receita<\/p>\n\n\n\n<p><br>O CRF-SP alerta que o farmac\u00eautico n\u00e3o deve modificar a prescri\u00e7\u00e3o de m\u00e9dicos e dentistas, por exemplo. Em caso de falta de medicamentos, o farmac\u00eautico pode entrar em contato com o prescritor para indicar poss\u00edveis alternativas terap\u00eauticas para uma nova prescri\u00e7\u00e3o ou orientar o paciente a solicitar a mudan\u00e7a com o profissional prescritor.<\/p>\n","protected":false},"excerpt":{"rendered":"<p>Uma nota do Conselho Regional de Farm\u00e1cia do Estado de S\u00e3o Paulo (CRF-SP), divulgada em 20 de junho de 2022, mostra que um levantamento apurou que 98,52% dos farmac\u00eauticos que responderam ao question\u00e1rio sofrem com o desabastecimento de medicamentos, destes a maioria atua em estabelecimentos do setor privado. J\u00e1 10,24% s\u00e3o do setor p\u00fablico (administra\u00e7\u00e3o &hellip;<\/p>\n","protected":false},"author":1,"featured_media":137,"comment_status":"open","ping_status":"open","sticky":false,"template":"","format":"standard","meta":{"_jetpack_memberships_contains_paid_content":false,"footnotes":"","jetpack_publicize_message":"","jetpack_publicize_feature_enabled":true,"jetpack_social_post_already_shared":false,"jetpack_social_options":{"image_generator_settings":{"template":"highway","default_image_id":0,"enabled":false},"version":2}},"categories":[4],"tags":[],"class_list":["post-136","post","type-post","status-publish","format-standard","has-post-thumbnail","hentry","category-regiao"],"jetpack_publicize_connections":[],"jetpack_featured_media_url":"https:\/\/i0.wp.com\/www.paparazzinews.com.br\/wp-content\/uploads\/2022\/06\/15588b83-9da9-4aae-9571-f93ac26dc366.jpg?fit=1200%2C676&ssl=1","views":"3262","jetpack_likes_enabled":true,"jetpack_sharing_enabled":true,"_links":{"self":[{"href":"https:\/\/www.paparazzinews.com.br\/index.php?rest_route=\/wp\/v2\/posts\/136","targetHints":{"allow":["GET"]}}],"collection":[{"href":"https:\/\/www.paparazzinews.com.br\/index.php?rest_route=\/wp\/v2\/posts"}],"about":[{"href":"https:\/\/www.paparazzinews.com.br\/index.php?rest_route=\/wp\/v2\/types\/post"}],"author":[{"embeddable":true,"href":"https:\/\/www.paparazzinews.com.br\/index.php?rest_route=\/wp\/v2\/users\/1"}],"replies":[{"embeddable":true,"href":"https:\/\/www.paparazzinews.com.br\/index.php?rest_route=%2Fwp%2Fv2%2Fcomments&post=136"}],"version-history":[{"count":1,"href":"https:\/\/www.paparazzinews.com.br\/index.php?rest_route=\/wp\/v2\/posts\/136\/revisions"}],"predecessor-version":[{"id":138,"href":"https:\/\/www.paparazzinews.com.br\/index.php?rest_route=\/wp\/v2\/posts\/136\/revisions\/138"}],"wp:featuredmedia":[{"embeddable":true,"href":"https:\/\/www.paparazzinews.com.br\/index.php?rest_route=\/wp\/v2\/media\/137"}],"wp:attachment":[{"href":"https:\/\/www.paparazzinews.com.br\/index.php?rest_route=%2Fwp%2Fv2%2Fmedia&parent=136"}],"wp:term":[{"taxonomy":"category","embeddable":true,"href":"https:\/\/www.paparazzinews.com.br\/index.php?rest_route=%2Fwp%2Fv2%2Fcategories&post=136"},{"taxonomy":"post_tag","embeddable":true,"href":"https:\/\/www.paparazzinews.com.br\/index.php?rest_route=%2Fwp%2Fv2%2Ftags&post=136"}],"curies":[{"name":"wp","href":"https:\/\/api.w.org\/{rel}","templated":true}]}}