{"id":13546,"date":"2024-11-14T13:52:14","date_gmt":"2024-11-14T16:52:14","guid":{"rendered":"https:\/\/www.paparazzinews.com.br\/?p=13546"},"modified":"2024-11-14T13:52:15","modified_gmt":"2024-11-14T16:52:15","slug":"sap-e-funap-iauguram-salas-da-liberdade-em-pacaembu-para-promover-educacao-e-ressocializacao","status":"publish","type":"post","link":"https:\/\/www.paparazzinews.com.br\/?p=13546","title":{"rendered":"SAP e Funap iauguram &#8220;Salas da Liberdade&#8221; em Pacaembu para promover educa\u00e7\u00e3o e ressocializa\u00e7\u00e3o"},"content":{"rendered":"\n<p>A Secretaria da Administra\u00e7\u00e3o Penitenci\u00e1ria (SAP) e a Funda\u00e7\u00e3o &#8220;Prof. Dr. Manoel Pedro Pimentel&#8221; (Funap) inauguraram duas &#8220;Salas da Liberdade&#8221; nos Centros de Deten\u00e7\u00e3o Provis\u00f3ria (CDPs) I e II de Pacaembu. Esse projeto visa oferecer um ambiente convidativo para a pr\u00e1tica da leitura e projetos diversificados, garantindo o direito \u00e0 educa\u00e7\u00e3o e ressocializa\u00e7\u00e3o para pessoas privadas de liberdade. A informa\u00e7\u00e3o \u00e9 do Roni Paparazzi e Foto Divulga\u00e7\u00e3o.<\/p>\n\n\n\n<p><strong>Objetivo:<br><\/strong>Promover a educa\u00e7\u00e3o, leitura e cursos profissionalizantes para a popula\u00e7\u00e3o carcer\u00e1ria.<\/p>\n\n\n\n<p><strong>Caracter\u00edsticas das Salas:<\/strong><\/p>\n\n\n\n<ul class=\"wp-block-list\">\n<li>Estantes e carrinhos de livros<\/li>\n\n\n\n<li>Mesas e cadeiras para discuss\u00f5es qualificadas sobre obras liter\u00e1rias<\/li>\n<\/ul>\n\n\n\n<p><strong>Meta:<br><\/strong>Implantar 103 Salas da Liberdade em unidades prisionais do Estado at\u00e9 2026.<\/p>\n\n\n\n<p><strong>Rea\u00e7\u00f5es:<\/strong><\/p>\n\n\n\n<ul class=\"wp-block-list\">\n<li>Rodrigo Antonio Felissiani, Diretor T\u00e9cnico do CDP I: &#8220;Tudo foi pensado para que desfrutem do conhecimento adquirido atrav\u00e9s da leitura.&#8221;<\/li>\n\n\n\n<li>Alexandre Rodrigues Cabrera, Diretor da Funap: &#8220;Tenhamos um cora\u00e7\u00e3o grato para superar dificuldades e agarrar oportunidades para transforma\u00e7\u00e3o pessoal.&#8221;<\/li>\n\n\n\n<li>Rodrigo Figueirinha, GRATE\/Croeste: &#8220;A Educa\u00e7\u00e3o \u00e9 um caminho para prosperar.&#8221;<\/li>\n<\/ul>\n\n\n\n<p>Essa iniciativa \u00e9 um passo importante para a ressocializa\u00e7\u00e3o e educa\u00e7\u00e3o de pessoas privadas de liberdade em Pacaembu.<\/p>\n\n\n\n<p><strong><em><strong><em><strong><em><strong><em><strong><em><strong><em><strong><em><strong><em><strong>Siga nossas redes sociais no\u00a0<a href=\"https:\/\/www.instagram.com\/ronipaparazzi\/\">Instagram\u00a0<\/a>e\u00a0<a href=\"https:\/\/www.facebook.com\/ronipaparazzicomvoce\">Facebook<\/a>\u00a0participe da nossa comunidade do Canal Roni Paparazzi no Whatsapp e receba as principais not\u00edcias da regi\u00e3o de Ara\u00e7atuba do dia direto no seu celular.<\/strong>\u00a0<a href=\"https:\/\/chat.whatsapp.com\/GsG1XKo0jPOEfjzudWQcml\" target=\"_blank\" rel=\"noreferrer noopener\">\u00a0Clique aqui e se inscreva.<\/a><\/em><\/strong><\/em><\/strong><\/em><\/strong><\/em><\/strong><\/em><\/strong><\/em><\/strong><\/em><\/strong><\/em><\/strong><\/p>\n","protected":false},"excerpt":{"rendered":"<p>A Secretaria da Administra\u00e7\u00e3o Penitenci\u00e1ria (SAP) e a Funda\u00e7\u00e3o &#8220;Prof. Dr. Manoel Pedro Pimentel&#8221; (Funap) inauguraram duas &#8220;Salas da Liberdade&#8221; nos Centros de Deten\u00e7\u00e3o Provis\u00f3ria (CDPs) I e II de Pacaembu. Esse projeto visa oferecer um ambiente convidativo para a pr\u00e1tica da leitura e projetos diversificados, garantindo o direito \u00e0 educa\u00e7\u00e3o e ressocializa\u00e7\u00e3o para pessoas &hellip;<\/p>\n","protected":false},"author":1,"featured_media":13547,"comment_status":"open","ping_status":"open","sticky":false,"template":"","format":"standard","meta":{"_jetpack_memberships_contains_paid_content":false,"footnotes":"","jetpack_publicize_message":"","jetpack_publicize_feature_enabled":true,"jetpack_social_post_already_shared":false,"jetpack_social_options":{"image_generator_settings":{"template":"highway","default_image_id":0,"enabled":false},"version":2}},"categories":[4],"tags":[],"class_list":["post-13546","post","type-post","status-publish","format-standard","has-post-thumbnail","hentry","category-regiao"],"jetpack_publicize_connections":[],"jetpack_featured_media_url":"https:\/\/i0.wp.com\/www.paparazzinews.com.br\/wp-content\/uploads\/2024\/11\/cea883d1-39f1-4add-8ef0-588b771d16ad.jpeg?fit=1500%2C1000&ssl=1","views":"1163","jetpack_likes_enabled":true,"jetpack_sharing_enabled":true,"_links":{"self":[{"href":"https:\/\/www.paparazzinews.com.br\/index.php?rest_route=\/wp\/v2\/posts\/13546","targetHints":{"allow":["GET"]}}],"collection":[{"href":"https:\/\/www.paparazzinews.com.br\/index.php?rest_route=\/wp\/v2\/posts"}],"about":[{"href":"https:\/\/www.paparazzinews.com.br\/index.php?rest_route=\/wp\/v2\/types\/post"}],"author":[{"embeddable":true,"href":"https:\/\/www.paparazzinews.com.br\/index.php?rest_route=\/wp\/v2\/users\/1"}],"replies":[{"embeddable":true,"href":"https:\/\/www.paparazzinews.com.br\/index.php?rest_route=%2Fwp%2Fv2%2Fcomments&post=13546"}],"version-history":[{"count":1,"href":"https:\/\/www.paparazzinews.com.br\/index.php?rest_route=\/wp\/v2\/posts\/13546\/revisions"}],"predecessor-version":[{"id":13548,"href":"https:\/\/www.paparazzinews.com.br\/index.php?rest_route=\/wp\/v2\/posts\/13546\/revisions\/13548"}],"wp:featuredmedia":[{"embeddable":true,"href":"https:\/\/www.paparazzinews.com.br\/index.php?rest_route=\/wp\/v2\/media\/13547"}],"wp:attachment":[{"href":"https:\/\/www.paparazzinews.com.br\/index.php?rest_route=%2Fwp%2Fv2%2Fmedia&parent=13546"}],"wp:term":[{"taxonomy":"category","embeddable":true,"href":"https:\/\/www.paparazzinews.com.br\/index.php?rest_route=%2Fwp%2Fv2%2Fcategories&post=13546"},{"taxonomy":"post_tag","embeddable":true,"href":"https:\/\/www.paparazzinews.com.br\/index.php?rest_route=%2Fwp%2Fv2%2Ftags&post=13546"}],"curies":[{"name":"wp","href":"https:\/\/api.w.org\/{rel}","templated":true}]}}