{"id":13521,"date":"2024-11-14T10:04:03","date_gmt":"2024-11-14T13:04:03","guid":{"rendered":"https:\/\/www.paparazzinews.com.br\/?p=13521"},"modified":"2024-11-14T10:04:04","modified_gmt":"2024-11-14T13:04:04","slug":"inscricoes-para-vestibular-das-fatecs-2025-conheca-os-prazos-e-detalhes","status":"publish","type":"post","link":"https:\/\/www.paparazzinews.com.br\/?p=13521","title":{"rendered":"Inscri\u00e7\u00f5es para Vestibular das Fatecs 2025: Conhe\u00e7a os prazos e detalhes"},"content":{"rendered":"\n<p>O processo seletivo para as Faculdades de Tecnologia do Estado (Fatecs) para o primeiro semestre de 2025 est\u00e1 aberto. A informa\u00e7\u00e3o \u00e9 do Roni Paparazzi e Foto: Governo de SP.<\/p>\n\n\n\n<p><strong>Prazos Importantes:<\/strong><\/p>\n\n\n\n<ul class=\"wp-block-list\">\n<li>14 a 18 de novembro: Solicita\u00e7\u00e3o de isen\u00e7\u00e3o e redu\u00e7\u00e3o de taxa de inscri\u00e7\u00e3o<\/li>\n\n\n\n<li>14 de novembro at\u00e9 12 de dezembro: Per\u00edodo de inscri\u00e7\u00e3o<\/li>\n\n\n\n<li>12 de janeiro de 2025: Prova do Vestibular<\/li>\n<\/ul>\n\n\n\n<p><strong>Detalhes do Processo Seletivo:<\/strong><\/p>\n\n\n\n<ul class=\"wp-block-list\">\n<li>97 op\u00e7\u00f5es de cursos superiores tecnol\u00f3gicos, presenciais e online<\/li>\n\n\n\n<li>Vagas distribu\u00eddas por todas as regi\u00f5es do estado<\/li>\n\n\n\n<li>Curr\u00edculos atualizados para atender demandas do mercado de trabalho<\/li>\n\n\n\n<li>Taxa de inscri\u00e7\u00e3o: R$ 60<\/li>\n\n\n\n<li>Possibilidade de isen\u00e7\u00e3o total e redu\u00e7\u00e3o de 50% no valor da taxa<\/li>\n<\/ul>\n\n\n\n<p><strong>Calend\u00e1rio Completo:<\/strong><\/p>\n\n\n\n<ul class=\"wp-block-list\">\n<li>27 de novembro: Resultado dos pedidos de isen\u00e7\u00e3o e redu\u00e7\u00e3o<\/li>\n\n\n\n<li>28 e 29 de novembro: Per\u00edodo para recurso ao pedido indeferido<\/li>\n\n\n\n<li>6 de dezembro: Resultado das solicita\u00e7\u00f5es de recurso<\/li>\n\n\n\n<li>3 de janeiro de 2025: Divulga\u00e7\u00e3o dos locais de prova<\/li>\n\n\n\n<li>15 de janeiro de 2025: Divulga\u00e7\u00e3o do gabarito e da prova<\/li>\n\n\n\n<li>4 de fevereiro de 2025: Publica\u00e7\u00e3o da classifica\u00e7\u00e3o geral e primeira chamada para matr\u00edculas<\/li>\n\n\n\n<li>5 e 7 de fevereiro de 2025: Matr\u00edcula dos convocados para a primeira chamada<\/li>\n<\/ul>\n\n\n\n<p><strong>Saiba Mais:<\/strong><\/p>\n\n\n\n<p>Acesse o site oficial do Vestibular das Fatecs para obter mais informa\u00e7\u00f5es:<\/p>\n\n\n\n<p><strong><em><strong><em><strong><em><strong><em><strong><em><strong><em><strong><em><strong><em><strong>Siga nossas redes sociais no\u00a0<a href=\"https:\/\/www.instagram.com\/ronipaparazzi\/\">Instagram\u00a0<\/a>e\u00a0<a href=\"https:\/\/www.facebook.com\/ronipaparazzicomvoce\">Facebook<\/a>\u00a0participe da nossa comunidade do Canal Roni Paparazzi no Whatsapp e receba as principais not\u00edcias da regi\u00e3o de Ara\u00e7atuba do dia direto no seu celular.<\/strong>\u00a0<a href=\"https:\/\/chat.whatsapp.com\/GsG1XKo0jPOEfjzudWQcml\" target=\"_blank\" rel=\"noreferrer noopener\">\u00a0Clique aqui e se inscreva.<\/a><\/em><\/strong><\/em><\/strong><\/em><\/strong><\/em><\/strong><\/em><\/strong><\/em><\/strong><\/em><\/strong><\/em><\/strong><\/p>\n","protected":false},"excerpt":{"rendered":"<p>O processo seletivo para as Faculdades de Tecnologia do Estado (Fatecs) para o primeiro semestre de 2025 est\u00e1 aberto. A informa\u00e7\u00e3o \u00e9 do Roni Paparazzi e Foto: Governo de SP. Prazos Importantes: 14 a 18 de novembro: Solicita\u00e7\u00e3o de isen\u00e7\u00e3o e redu\u00e7\u00e3o de taxa de inscri\u00e7\u00e3o 14 de novembro at\u00e9 12 de dezembro: Per\u00edodo de &hellip;<\/p>\n","protected":false},"author":1,"featured_media":13522,"comment_status":"open","ping_status":"open","sticky":false,"template":"","format":"standard","meta":{"_jetpack_memberships_contains_paid_content":false,"footnotes":"","jetpack_publicize_message":"","jetpack_publicize_feature_enabled":true,"jetpack_social_post_already_shared":false,"jetpack_social_options":{"image_generator_settings":{"template":"highway","default_image_id":0,"enabled":false},"version":2}},"categories":[4],"tags":[],"class_list":["post-13521","post","type-post","status-publish","format-standard","has-post-thumbnail","hentry","category-regiao"],"jetpack_publicize_connections":[],"jetpack_featured_media_url":"https:\/\/i0.wp.com\/www.paparazzinews.com.br\/wp-content\/uploads\/2024\/11\/WhatsApp-Image-2024-04-16-at-13.33.02-1536x1021-1.jpeg?fit=1536%2C1021&ssl=1","views":"1165","jetpack_likes_enabled":true,"jetpack_sharing_enabled":true,"_links":{"self":[{"href":"https:\/\/www.paparazzinews.com.br\/index.php?rest_route=\/wp\/v2\/posts\/13521","targetHints":{"allow":["GET"]}}],"collection":[{"href":"https:\/\/www.paparazzinews.com.br\/index.php?rest_route=\/wp\/v2\/posts"}],"about":[{"href":"https:\/\/www.paparazzinews.com.br\/index.php?rest_route=\/wp\/v2\/types\/post"}],"author":[{"embeddable":true,"href":"https:\/\/www.paparazzinews.com.br\/index.php?rest_route=\/wp\/v2\/users\/1"}],"replies":[{"embeddable":true,"href":"https:\/\/www.paparazzinews.com.br\/index.php?rest_route=%2Fwp%2Fv2%2Fcomments&post=13521"}],"version-history":[{"count":1,"href":"https:\/\/www.paparazzinews.com.br\/index.php?rest_route=\/wp\/v2\/posts\/13521\/revisions"}],"predecessor-version":[{"id":13523,"href":"https:\/\/www.paparazzinews.com.br\/index.php?rest_route=\/wp\/v2\/posts\/13521\/revisions\/13523"}],"wp:featuredmedia":[{"embeddable":true,"href":"https:\/\/www.paparazzinews.com.br\/index.php?rest_route=\/wp\/v2\/media\/13522"}],"wp:attachment":[{"href":"https:\/\/www.paparazzinews.com.br\/index.php?rest_route=%2Fwp%2Fv2%2Fmedia&parent=13521"}],"wp:term":[{"taxonomy":"category","embeddable":true,"href":"https:\/\/www.paparazzinews.com.br\/index.php?rest_route=%2Fwp%2Fv2%2Fcategories&post=13521"},{"taxonomy":"post_tag","embeddable":true,"href":"https:\/\/www.paparazzinews.com.br\/index.php?rest_route=%2Fwp%2Fv2%2Ftags&post=13521"}],"curies":[{"name":"wp","href":"https:\/\/api.w.org\/{rel}","templated":true}]}}