{"id":1351,"date":"2022-12-05T15:25:02","date_gmt":"2022-12-05T18:25:02","guid":{"rendered":"https:\/\/www.paparazzinews.com.br\/?p=1351"},"modified":"2022-12-05T15:25:03","modified_gmt":"2022-12-05T18:25:03","slug":"luzes-do-natal-de-andradina-se-acendem-nesta-semana","status":"publish","type":"post","link":"https:\/\/www.paparazzinews.com.br\/?p=1351","title":{"rendered":"Luzes do Natal de Andradina se acendem nesta semana"},"content":{"rendered":"\n<p>O 5\u00b0 Esporte na Vila da Secretaria de Esportes, Cultura, Lazer e Juventude abriu oficialmente a programa\u00e7\u00e3o especial de Natal do Governo de Andradina. Centenas de pessoas compareceram em frente ao Arena Beach do Bairro S\u00e3o Jo\u00e3o para participar das atividades esportivas e recreativas.<\/p>\n\n\n\n<p>Segundo o secret\u00e1rio Andr\u00e9 Ricardo Lopes o ponto alto desta semana ser\u00e1 a inaugura\u00e7\u00e3o oficial da ilumina\u00e7\u00e3o natalina \u00e1s 19h do dia 8 na Pra\u00e7a Moura Andrade, com apresenta\u00e7\u00f5es do Vocal Artetude, Fordinho Sax &amp; Fam\u00edlia e Reborn Dance.<\/p>\n\n\n\n<p>Nos dias 9 e 10 acontece a Mega Feira &#8211; Esta\u00e7\u00e3o das Artes, \u00e0 partir das 19 horas com Orquestras Nego Viana e Rei do Gado, exposi\u00e7\u00e3o de carros antigos, exposi\u00e7\u00e3o de flores e artesanato, show circense, desfile de moda, academia da sa\u00fade, Polerina Connection, No Regrets Performances, m\u00fasica com Osni Ribeiro, DJ Harley e Food Trucks.<\/p>\n\n\n\n<p>No dia 11 acontece um espet\u00e1culo de dan\u00e7a com o tema \u201cFilmes\u201d (Artetude) no Centro Cultural Pioneiros de Andradina as 19h30.<\/p>\n\n\n\n<p>No dia 16 acontece a chegada do Papai Noel (Animania) com um musical de Natal e apresenta\u00e7\u00e3o da Banda Kombinados, \u00e0s 19h no Centro Cultural.<\/p>\n\n\n\n<p>No dia 17, \u00e0s 16 horas no est\u00e1dio Municipal Evandro Brembatti Calvoso, acontece o jogo solid\u00e1rio \u201cGol Contra a Fome\u201d.<br>Ainda no dia 17 acontece um Culto Especial de Natal do Coplea (Conselho de Pastores), \u00e1 partir das 19 horas no Centro Cultural.<\/p>\n\n\n\n<p>No dia 18, \\\u00e0 partir das 16 horas ao lado do Gin\u00e1sio de Esportes \u201cAgenor Francisco da Cunha\u201d, acontece o Skate Fest e o Torneio de Volei de Praia.<\/p>\n\n\n\n<p>No dia 19 \u00e0 partir das 19h30 acontece o Espet\u00e1culo de Dan\u00e7a Natalino (Artetude e Amigos da Dan\u00e7a). No dia 20 o teatro natalino \u201cPicadeiro da Alegria\u201d toma as ruas do centro comercial, \u00e0s 19h na Paes Leme Mall Street.<\/p>\n\n\n\n<p>No dia 21, \u00e0 partir das 20h, acontece o primeiro Show de Natal Sertanejo que levar\u00e1 para a Pra\u00e7a Moura Andrade, apresenta\u00e7\u00f5es de Marco T\u00falio &amp; Luciano, Bruna Maia &amp; Adriana, Eduardo Vini &amp; Heitor Vogel e Lukas &amp; Andr\u00e9.<\/p>\n\n\n\n<p>E no dia 22, a Pra\u00e7a Moura Andrade volta a ser palco de apresenta\u00e7\u00f5es desta vez com uma Cantata de Natal pela Orquestra Adipan, \u00e0 partir das 20h.<br><\/p>\n","protected":false},"excerpt":{"rendered":"<p>O 5\u00b0 Esporte na Vila da Secretaria de Esportes, Cultura, Lazer e Juventude abriu oficialmente a programa\u00e7\u00e3o especial de Natal do Governo de Andradina. Centenas de pessoas compareceram em frente ao Arena Beach do Bairro S\u00e3o Jo\u00e3o para participar das atividades esportivas e recreativas. Segundo o secret\u00e1rio Andr\u00e9 Ricardo Lopes o ponto alto desta semana &hellip;<\/p>\n","protected":false},"author":1,"featured_media":1352,"comment_status":"open","ping_status":"open","sticky":false,"template":"","format":"standard","meta":{"_jetpack_memberships_contains_paid_content":false,"footnotes":"","jetpack_publicize_message":"","jetpack_publicize_feature_enabled":true,"jetpack_social_post_already_shared":false,"jetpack_social_options":{"image_generator_settings":{"template":"highway","default_image_id":0,"enabled":false},"version":2}},"categories":[6],"tags":[],"class_list":["post-1351","post","type-post","status-publish","format-standard","has-post-thumbnail","hentry","category-entretenimento"],"jetpack_publicize_connections":[],"jetpack_featured_media_url":"https:\/\/i0.wp.com\/www.paparazzinews.com.br\/wp-content\/uploads\/2022\/12\/a747ed4e-a436-43aa-82af-8557931c5dc4-e1670264688278.jpg?fit=1000%2C666&ssl=1","views":"3420","jetpack_likes_enabled":true,"jetpack_sharing_enabled":true,"_links":{"self":[{"href":"https:\/\/www.paparazzinews.com.br\/index.php?rest_route=\/wp\/v2\/posts\/1351","targetHints":{"allow":["GET"]}}],"collection":[{"href":"https:\/\/www.paparazzinews.com.br\/index.php?rest_route=\/wp\/v2\/posts"}],"about":[{"href":"https:\/\/www.paparazzinews.com.br\/index.php?rest_route=\/wp\/v2\/types\/post"}],"author":[{"embeddable":true,"href":"https:\/\/www.paparazzinews.com.br\/index.php?rest_route=\/wp\/v2\/users\/1"}],"replies":[{"embeddable":true,"href":"https:\/\/www.paparazzinews.com.br\/index.php?rest_route=%2Fwp%2Fv2%2Fcomments&post=1351"}],"version-history":[{"count":1,"href":"https:\/\/www.paparazzinews.com.br\/index.php?rest_route=\/wp\/v2\/posts\/1351\/revisions"}],"predecessor-version":[{"id":1353,"href":"https:\/\/www.paparazzinews.com.br\/index.php?rest_route=\/wp\/v2\/posts\/1351\/revisions\/1353"}],"wp:featuredmedia":[{"embeddable":true,"href":"https:\/\/www.paparazzinews.com.br\/index.php?rest_route=\/wp\/v2\/media\/1352"}],"wp:attachment":[{"href":"https:\/\/www.paparazzinews.com.br\/index.php?rest_route=%2Fwp%2Fv2%2Fmedia&parent=1351"}],"wp:term":[{"taxonomy":"category","embeddable":true,"href":"https:\/\/www.paparazzinews.com.br\/index.php?rest_route=%2Fwp%2Fv2%2Fcategories&post=1351"},{"taxonomy":"post_tag","embeddable":true,"href":"https:\/\/www.paparazzinews.com.br\/index.php?rest_route=%2Fwp%2Fv2%2Ftags&post=1351"}],"curies":[{"name":"wp","href":"https:\/\/api.w.org\/{rel}","templated":true}]}}