{"id":13463,"date":"2024-11-13T12:30:15","date_gmt":"2024-11-13T15:30:15","guid":{"rendered":"https:\/\/www.paparazzinews.com.br\/?p=13463"},"modified":"2024-11-13T12:30:16","modified_gmt":"2024-11-13T15:30:16","slug":"convocacao-para-posse-coordenador-pedagogico-da-prefeitura-de-andradina","status":"publish","type":"post","link":"https:\/\/www.paparazzinews.com.br\/?p=13463","title":{"rendered":"Convoca\u00e7\u00e3o para posse: Coordenador pedag\u00f3gico da Prefeitura de Andradina"},"content":{"rendered":"\n<p>A Prefeitura Municipal de Andradina, Estado de S\u00e3o Paulo, convoca a candidata Fernanda Hatakeyama, inscri\u00e7\u00e3o n\u00ba 11339, para tomar posse no cargo de Coordenador Pedag\u00f3gico. A informa\u00e7\u00e3o \u00e9 do Roni Paparazzi e Foto Divulga\u00e7\u00e3o.<\/p>\n\n\n\n<p><strong>Documentos Necess\u00e1rios<br><\/strong>Os candidatos convocados devem apresentar os documentos previstos no item 5.1 do Edital de Concurso P\u00fablico datado de 05 de outubro de 2022.<\/p>\n\n\n\n<p><strong>Local e Hor\u00e1rio de Apresenta\u00e7\u00e3o<br><\/strong>Secretaria Municipal de Educa\u00e7\u00e3o<br>Rua Paes Leme, 1.407 \u2013 Centro \u2013 Andradina \u2013 SP<br>CEP: 16.901\u2013900<br>Fone: (18) 3702\u20132010<br>Hor\u00e1rio: 08:30 \u00e0s 11:30 e 14:00 \u00e0s 16:30.<\/p>\n\n\n\n<p><strong>Prazo de Apresenta\u00e7\u00e3o<br><\/strong>30 dias contados da data da publica\u00e7\u00e3o do presente edital.<\/p>\n\n\n\n<p>A publica\u00e7\u00e3o oficial est\u00e1 dispon\u00edvel no site da Prefeitura Municipal de Andradina e no Di\u00e1rio Oficial apresentado nesta ter\u00e7a-feira, 12 de novembro.<\/p>\n\n\n\n<p><strong><em><strong><em><strong><em><strong><em><strong><em><strong><em><strong><em><strong><em><strong>Siga nossas redes sociais no\u00a0<a href=\"https:\/\/www.instagram.com\/ronipaparazzi\/\">Instagram\u00a0<\/a>e\u00a0<a href=\"https:\/\/www.facebook.com\/ronipaparazzicomvoce\">Facebook<\/a>\u00a0participe da nossa comunidade do Canal Roni Paparazzi no Whatsapp e receba as principais not\u00edcias da regi\u00e3o de Ara\u00e7atuba do dia direto no seu celular.<\/strong>\u00a0<a href=\"https:\/\/chat.whatsapp.com\/GsG1XKo0jPOEfjzudWQcml\" target=\"_blank\" rel=\"noreferrer noopener\">\u00a0Clique aqui e se inscreva.<\/a><\/em><\/strong><\/em><\/strong><\/em><\/strong><\/em><\/strong><\/em><\/strong><\/em><\/strong><\/em><\/strong><\/em><\/strong><\/p>\n","protected":false},"excerpt":{"rendered":"<p>A Prefeitura Municipal de Andradina, Estado de S\u00e3o Paulo, convoca a candidata Fernanda Hatakeyama, inscri\u00e7\u00e3o n\u00ba 11339, para tomar posse no cargo de Coordenador Pedag\u00f3gico. A informa\u00e7\u00e3o \u00e9 do Roni Paparazzi e Foto Divulga\u00e7\u00e3o. Documentos Necess\u00e1riosOs candidatos convocados devem apresentar os documentos previstos no item 5.1 do Edital de Concurso P\u00fablico datado de 05 de &hellip;<\/p>\n","protected":false},"author":1,"featured_media":13464,"comment_status":"open","ping_status":"open","sticky":false,"template":"","format":"standard","meta":{"_jetpack_memberships_contains_paid_content":false,"footnotes":"","jetpack_publicize_message":"","jetpack_publicize_feature_enabled":true,"jetpack_social_post_already_shared":false,"jetpack_social_options":{"image_generator_settings":{"template":"highway","default_image_id":0,"enabled":false},"version":2}},"categories":[4],"tags":[],"class_list":["post-13463","post","type-post","status-publish","format-standard","has-post-thumbnail","hentry","category-regiao"],"jetpack_publicize_connections":[],"jetpack_featured_media_url":"https:\/\/i0.wp.com\/www.paparazzinews.com.br\/wp-content\/uploads\/2024\/11\/coord_pedag.jpg?fit=1600%2C1067&ssl=1","views":"1159","jetpack_likes_enabled":true,"jetpack_sharing_enabled":true,"_links":{"self":[{"href":"https:\/\/www.paparazzinews.com.br\/index.php?rest_route=\/wp\/v2\/posts\/13463","targetHints":{"allow":["GET"]}}],"collection":[{"href":"https:\/\/www.paparazzinews.com.br\/index.php?rest_route=\/wp\/v2\/posts"}],"about":[{"href":"https:\/\/www.paparazzinews.com.br\/index.php?rest_route=\/wp\/v2\/types\/post"}],"author":[{"embeddable":true,"href":"https:\/\/www.paparazzinews.com.br\/index.php?rest_route=\/wp\/v2\/users\/1"}],"replies":[{"embeddable":true,"href":"https:\/\/www.paparazzinews.com.br\/index.php?rest_route=%2Fwp%2Fv2%2Fcomments&post=13463"}],"version-history":[{"count":1,"href":"https:\/\/www.paparazzinews.com.br\/index.php?rest_route=\/wp\/v2\/posts\/13463\/revisions"}],"predecessor-version":[{"id":13465,"href":"https:\/\/www.paparazzinews.com.br\/index.php?rest_route=\/wp\/v2\/posts\/13463\/revisions\/13465"}],"wp:featuredmedia":[{"embeddable":true,"href":"https:\/\/www.paparazzinews.com.br\/index.php?rest_route=\/wp\/v2\/media\/13464"}],"wp:attachment":[{"href":"https:\/\/www.paparazzinews.com.br\/index.php?rest_route=%2Fwp%2Fv2%2Fmedia&parent=13463"}],"wp:term":[{"taxonomy":"category","embeddable":true,"href":"https:\/\/www.paparazzinews.com.br\/index.php?rest_route=%2Fwp%2Fv2%2Fcategories&post=13463"},{"taxonomy":"post_tag","embeddable":true,"href":"https:\/\/www.paparazzinews.com.br\/index.php?rest_route=%2Fwp%2Fv2%2Ftags&post=13463"}],"curies":[{"name":"wp","href":"https:\/\/api.w.org\/{rel}","templated":true}]}}