{"id":13449,"date":"2024-11-13T11:07:07","date_gmt":"2024-11-13T14:07:07","guid":{"rendered":"https:\/\/www.paparazzinews.com.br\/?p=13449"},"modified":"2024-11-13T11:07:08","modified_gmt":"2024-11-13T14:07:08","slug":"convocacao-para-apresentacao-de-processo-pedagogico-em-murutinga-do-sul","status":"publish","type":"post","link":"https:\/\/www.paparazzinews.com.br\/?p=13449","title":{"rendered":"Convoca\u00e7\u00e3o para apresenta\u00e7\u00e3o de Processo Pedag\u00f3gico em Murutinga do Sul"},"content":{"rendered":"\n<p>O Prefeito Municipal de Murutinga do Sul convoca os candidatos selecionados na primeira fase do Processo Seletivo Simplificado n\u00ba 02\/2024 para apresenta\u00e7\u00e3o do Processo Pedag\u00f3gico. A informa\u00e7\u00e3o \u00e9 do Roni Paparazzi e Foto Divulga\u00e7\u00e3o.<\/p>\n\n\n\n<p><strong>Os convocados s\u00e3o:<\/strong><\/p>\n\n\n\n<ul class=\"wp-block-list\">\n<li>Diretor de Escola:<\/li>\n\n\n\n<li>Sueli Aparecida de Souza Guimar\u00e3es Mello<\/li>\n\n\n\n<li>Andr\u00e9 Marches Oliveira<\/li>\n\n\n\n<li><strong>Diretor do Centro de Educa\u00e7\u00e3o Infantil<\/strong>:<\/li>\n\n\n\n<li>Val\u00e9ria Luiza Marques Campos<\/li>\n\n\n\n<li>Andr\u00e9 Marches Oliveira<\/li>\n\n\n\n<li>Eliana Francisca Marchi Oliveira<\/li>\n<\/ul>\n\n\n\n<p>Esses candidatos dever\u00e3o comparecer na Secretaria Municipal de Educa\u00e7\u00e3o em 28 de novembro de 2024, \u00e0s 9 horas, para apresentar seu trabalho \u00e0 Banca Avaliadora institu\u00edda pela Portaria n\u00ba 0151. A n\u00e3o comparec\u00eancia na data e local determinados resultar\u00e1 em desclassifica\u00e7\u00e3o.<\/p>\n\n\n\n<p>O resultado preliminar da primeira fase do processo seletivo classificat\u00f3rio de documentos pessoais e avalia\u00e7\u00e3o por an\u00e1lise de curr\u00edculo est\u00e1 dispon\u00edvel. Para mais informa\u00e7\u00f5es, acesse o site da Prefeitura Municipal de Murutinga do Sul.<\/p>\n\n\n\n<p><strong><em><strong><em><strong><em><strong><em><strong><em><strong><em><strong><em><strong><em><strong>Siga nossas redes sociais no\u00a0<a href=\"https:\/\/www.instagram.com\/ronipaparazzi\/\">Instagram\u00a0<\/a>e\u00a0<a href=\"https:\/\/www.facebook.com\/ronipaparazzicomvoce\">Facebook<\/a>\u00a0participe da nossa comunidade do Canal Roni Paparazzi no Whatsapp e receba as principais not\u00edcias da regi\u00e3o de Ara\u00e7atuba do dia direto no seu celular.<\/strong>\u00a0<a href=\"https:\/\/chat.whatsapp.com\/GsG1XKo0jPOEfjzudWQcml\" target=\"_blank\" rel=\"noreferrer noopener\">\u00a0Clique aqui e se inscreva.<\/a><\/em><\/strong><\/em><\/strong><\/em><\/strong><\/em><\/strong><\/em><\/strong><\/em><\/strong><\/em><\/strong><\/em><\/strong><\/p>\n","protected":false},"excerpt":{"rendered":"<p>O Prefeito Municipal de Murutinga do Sul convoca os candidatos selecionados na primeira fase do Processo Seletivo Simplificado n\u00ba 02\/2024 para apresenta\u00e7\u00e3o do Processo Pedag\u00f3gico. A informa\u00e7\u00e3o \u00e9 do Roni Paparazzi e Foto Divulga\u00e7\u00e3o. Os convocados s\u00e3o: Diretor de Escola: Sueli Aparecida de Souza Guimar\u00e3es Mello Andr\u00e9 Marches Oliveira Diretor do Centro de Educa\u00e7\u00e3o Infantil: &hellip;<\/p>\n","protected":false},"author":1,"featured_media":13450,"comment_status":"open","ping_status":"open","sticky":false,"template":"","format":"standard","meta":{"_jetpack_memberships_contains_paid_content":false,"footnotes":"","jetpack_publicize_message":"","jetpack_publicize_feature_enabled":true,"jetpack_social_post_already_shared":false,"jetpack_social_options":{"image_generator_settings":{"template":"highway","default_image_id":0,"enabled":false},"version":2}},"categories":[4],"tags":[],"class_list":["post-13449","post","type-post","status-publish","format-standard","has-post-thumbnail","hentry","category-regiao"],"jetpack_publicize_connections":[],"jetpack_featured_media_url":"https:\/\/i0.wp.com\/www.paparazzinews.com.br\/wp-content\/uploads\/2024\/11\/Tecnologia-na-educacao-use-a-como-aliada-no-processo-pedagogico-2-1080x675-1.jpg?fit=1080%2C675&ssl=1","views":"1138","jetpack_likes_enabled":true,"jetpack_sharing_enabled":true,"_links":{"self":[{"href":"https:\/\/www.paparazzinews.com.br\/index.php?rest_route=\/wp\/v2\/posts\/13449","targetHints":{"allow":["GET"]}}],"collection":[{"href":"https:\/\/www.paparazzinews.com.br\/index.php?rest_route=\/wp\/v2\/posts"}],"about":[{"href":"https:\/\/www.paparazzinews.com.br\/index.php?rest_route=\/wp\/v2\/types\/post"}],"author":[{"embeddable":true,"href":"https:\/\/www.paparazzinews.com.br\/index.php?rest_route=\/wp\/v2\/users\/1"}],"replies":[{"embeddable":true,"href":"https:\/\/www.paparazzinews.com.br\/index.php?rest_route=%2Fwp%2Fv2%2Fcomments&post=13449"}],"version-history":[{"count":1,"href":"https:\/\/www.paparazzinews.com.br\/index.php?rest_route=\/wp\/v2\/posts\/13449\/revisions"}],"predecessor-version":[{"id":13451,"href":"https:\/\/www.paparazzinews.com.br\/index.php?rest_route=\/wp\/v2\/posts\/13449\/revisions\/13451"}],"wp:featuredmedia":[{"embeddable":true,"href":"https:\/\/www.paparazzinews.com.br\/index.php?rest_route=\/wp\/v2\/media\/13450"}],"wp:attachment":[{"href":"https:\/\/www.paparazzinews.com.br\/index.php?rest_route=%2Fwp%2Fv2%2Fmedia&parent=13449"}],"wp:term":[{"taxonomy":"category","embeddable":true,"href":"https:\/\/www.paparazzinews.com.br\/index.php?rest_route=%2Fwp%2Fv2%2Fcategories&post=13449"},{"taxonomy":"post_tag","embeddable":true,"href":"https:\/\/www.paparazzinews.com.br\/index.php?rest_route=%2Fwp%2Fv2%2Ftags&post=13449"}],"curies":[{"name":"wp","href":"https:\/\/api.w.org\/{rel}","templated":true}]}}