{"id":13446,"date":"2024-11-13T11:02:06","date_gmt":"2024-11-13T14:02:06","guid":{"rendered":"https:\/\/www.paparazzinews.com.br\/?p=13446"},"modified":"2024-11-13T11:02:07","modified_gmt":"2024-11-13T14:02:07","slug":"audiencia-publica-em-guaracai-discutira-orcamento-municipal-para-2025","status":"publish","type":"post","link":"https:\/\/www.paparazzinews.com.br\/?p=13446","title":{"rendered":"Audi\u00eancia P\u00fablica em Guara\u00e7ai discutir\u00e1 Or\u00e7amento Municipal para 2025"},"content":{"rendered":"\n<p>A C\u00e2mara Municipal de Guara\u00e7ai convoca a sociedade para uma audi\u00eancia p\u00fablica para discutir o projeto de lei n\u00ba 070\/2024, que estima receita e fixa despesa do munic\u00edpio para 2025. O evento ocorrer\u00e1 no plen\u00e1rio da C\u00e2mara Municipal em 18 de novembro, segunda-feira, \u00e0s 19h. A informa\u00e7\u00e3o \u00e9 do Roni Paparazzi e Foto JR FIlmes.<\/p>\n\n\n\n<p><strong>Detalhes da Audi\u00eancia<\/strong><\/p>\n\n\n\n<ul class=\"wp-block-list\">\n<li>Data: 18 de novembro<\/li>\n\n\n\n<li>Hor\u00e1rio: 19h<\/li>\n\n\n\n<li>Local: Plen\u00e1rio da C\u00e2mara Municipal de Guara\u00e7ai<\/li>\n<\/ul>\n\n\n\n<p><strong>Import\u00e2ncia da Participa\u00e7\u00e3o<\/strong><\/p>\n\n\n\n<p>A participa\u00e7\u00e3o da sociedade \u00e9 fundamental para garantir que o or\u00e7amento municipal atenda \u00e0s necessidades da comunidade. A audi\u00eancia p\u00fablica \u00e9 uma oportunidade para que cidad\u00e3os, entidades governamentais e organiza\u00e7\u00f5es da sociedade civil contribuam com sugest\u00f5es e opini\u00f5es.<\/p>\n\n\n\n<p><strong>Base Legal<\/strong><\/p>\n\n\n\n<p>A convoca\u00e7\u00e3o da audi\u00eancia p\u00fablica est\u00e1 amparada no artigo 48 da Lei Complementar n\u00ba 101, de 04 de maio de 2000, alterada pela Lei Complementar n\u00ba 131, de 27 de maio de 2009 (Lei de Responsabilidade Fiscal).<\/p>\n\n\n\n<p><strong><em><strong><em><strong><em><strong><em><strong><em><strong><em><strong><em><strong><em><strong>Siga nossas redes sociais no\u00a0<a href=\"https:\/\/www.instagram.com\/ronipaparazzi\/\">Instagram\u00a0<\/a>e\u00a0<a href=\"https:\/\/www.facebook.com\/ronipaparazzicomvoce\">Facebook<\/a>\u00a0participe da nossa comunidade do Canal Roni Paparazzi no Whatsapp e receba as principais not\u00edcias da regi\u00e3o de Ara\u00e7atuba do dia direto no seu celular.<\/strong>\u00a0<a href=\"https:\/\/chat.whatsapp.com\/GsG1XKo0jPOEfjzudWQcml\" target=\"_blank\" rel=\"noreferrer noopener\">\u00a0Clique aqui e se inscreva.<\/a><\/em><\/strong><\/em><\/strong><\/em><\/strong><\/em><\/strong><\/em><\/strong><\/em><\/strong><\/em><\/strong><\/em><\/strong><\/p>\n","protected":false},"excerpt":{"rendered":"<p>A C\u00e2mara Municipal de Guara\u00e7ai convoca a sociedade para uma audi\u00eancia p\u00fablica para discutir o projeto de lei n\u00ba 070\/2024, que estima receita e fixa despesa do munic\u00edpio para 2025. O evento ocorrer\u00e1 no plen\u00e1rio da C\u00e2mara Municipal em 18 de novembro, segunda-feira, \u00e0s 19h. A informa\u00e7\u00e3o \u00e9 do Roni Paparazzi e Foto JR FIlmes. &hellip;<\/p>\n","protected":false},"author":1,"featured_media":13447,"comment_status":"open","ping_status":"open","sticky":false,"template":"","format":"standard","meta":{"_jetpack_memberships_contains_paid_content":false,"footnotes":"","jetpack_publicize_message":"","jetpack_publicize_feature_enabled":true,"jetpack_social_post_already_shared":false,"jetpack_social_options":{"image_generator_settings":{"template":"highway","default_image_id":0,"enabled":false},"version":2}},"categories":[7],"tags":[],"class_list":["post-13446","post","type-post","status-publish","format-standard","has-post-thumbnail","hentry","category-politica"],"jetpack_publicize_connections":[],"jetpack_featured_media_url":"https:\/\/i0.wp.com\/www.paparazzinews.com.br\/wp-content\/uploads\/2024\/11\/guaracai-sp.jpg?fit=1280%2C720&ssl=1","views":"1149","jetpack_likes_enabled":true,"jetpack_sharing_enabled":true,"_links":{"self":[{"href":"https:\/\/www.paparazzinews.com.br\/index.php?rest_route=\/wp\/v2\/posts\/13446","targetHints":{"allow":["GET"]}}],"collection":[{"href":"https:\/\/www.paparazzinews.com.br\/index.php?rest_route=\/wp\/v2\/posts"}],"about":[{"href":"https:\/\/www.paparazzinews.com.br\/index.php?rest_route=\/wp\/v2\/types\/post"}],"author":[{"embeddable":true,"href":"https:\/\/www.paparazzinews.com.br\/index.php?rest_route=\/wp\/v2\/users\/1"}],"replies":[{"embeddable":true,"href":"https:\/\/www.paparazzinews.com.br\/index.php?rest_route=%2Fwp%2Fv2%2Fcomments&post=13446"}],"version-history":[{"count":1,"href":"https:\/\/www.paparazzinews.com.br\/index.php?rest_route=\/wp\/v2\/posts\/13446\/revisions"}],"predecessor-version":[{"id":13448,"href":"https:\/\/www.paparazzinews.com.br\/index.php?rest_route=\/wp\/v2\/posts\/13446\/revisions\/13448"}],"wp:featuredmedia":[{"embeddable":true,"href":"https:\/\/www.paparazzinews.com.br\/index.php?rest_route=\/wp\/v2\/media\/13447"}],"wp:attachment":[{"href":"https:\/\/www.paparazzinews.com.br\/index.php?rest_route=%2Fwp%2Fv2%2Fmedia&parent=13446"}],"wp:term":[{"taxonomy":"category","embeddable":true,"href":"https:\/\/www.paparazzinews.com.br\/index.php?rest_route=%2Fwp%2Fv2%2Fcategories&post=13446"},{"taxonomy":"post_tag","embeddable":true,"href":"https:\/\/www.paparazzinews.com.br\/index.php?rest_route=%2Fwp%2Fv2%2Ftags&post=13446"}],"curies":[{"name":"wp","href":"https:\/\/api.w.org\/{rel}","templated":true}]}}