{"id":13443,"date":"2024-11-13T10:46:39","date_gmt":"2024-11-13T13:46:39","guid":{"rendered":"https:\/\/www.paparazzinews.com.br\/?p=13443"},"modified":"2024-11-13T10:46:40","modified_gmt":"2024-11-13T13:46:40","slug":"novo-processo-de-baixa-de-veiculos-no-detran-sp-mais-simples-e-seguro","status":"publish","type":"post","link":"https:\/\/www.paparazzinews.com.br\/?p=13443","title":{"rendered":"Novo processo de baixa de ve\u00edculos no Detran-SP: Mais simples e seguro"},"content":{"rendered":"\n<p>A partir de 1\u00ba de janeiro de 2025, o Departamento Estadual de Tr\u00e2nsito de S\u00e3o Paulo (Detran-SP) mudar\u00e1 o processo de baixa de ve\u00edculos. O objetivo \u00e9 simplificar e agilizar o procedimento, tornando-o mais pr\u00e1tico e econ\u00f4mico para os cidad\u00e3os. A informa\u00e7\u00e3o \u00e9 do Roni Paparazzi e \u00a0Foto: Governo de SP.<\/p>\n\n\n\n<p><strong>O que muda?<\/strong><\/p>\n\n\n\n<ul class=\"wp-block-list\">\n<li>A solicita\u00e7\u00e3o de baixa poder\u00e1 ser feita pela internet.<\/li>\n\n\n\n<li>Uma Empresa Credenciada de Vistoria (ECV) far\u00e1 a extra\u00e7\u00e3o do n\u00famero do chassi, da placa e do documento do ve\u00edculo.<\/li>\n\n\n\n<li>O Detran-SP emitir\u00e1 a certid\u00e3o de baixa permanente ap\u00f3s an\u00e1lise positiva.<\/li>\n<\/ul>\n\n\n\n<p><strong>Por que \u00e9 importante dar baixa no ve\u00edculo?<\/strong><\/p>\n\n\n\n<ul class=\"wp-block-list\">\n<li>Se um ve\u00edculo n\u00e3o tem mais condi\u00e7\u00f5es de trafegar, \u00e9 indicado declar\u00e1-lo fora de jogo o quanto antes.<\/li>\n\n\n\n<li>Caso contr\u00e1rio, o propriet\u00e1rio segue respons\u00e1vel por impostos e outros d\u00e9bitos.<\/li>\n<\/ul>\n\n\n\n<p><strong>Ganho em seguran\u00e7a<\/strong><\/p>\n\n\n\n<ul class=\"wp-block-list\">\n<li>A nova portaria tamb\u00e9m prev\u00ea mudan\u00e7a na grava\u00e7\u00e3o e regrava\u00e7\u00e3o dos itens de identifica\u00e7\u00e3o veicular.<\/li>\n\n\n\n<li>A padroniza\u00e7\u00e3o seguir\u00e1 normas da ABNT e contar\u00e1 com a participa\u00e7\u00e3o de uma Institui\u00e7\u00e3o T\u00e9cnica Licenciada (ITL).<\/li>\n<\/ul>\n\n\n\n<p>Com essa mudan\u00e7a, o mercado de reciclagem, a economia e a sustentabilidade tamb\u00e9m ser\u00e3o beneficiados. O propriet\u00e1rio poder\u00e1 vender seu ve\u00edculo como sucata de forma mais simples e segura.<\/p>\n\n\n\n<p><strong><em><strong><em><strong><em><strong><em><strong><em><strong><em><strong><em><strong><em><strong>Siga nossas redes sociais no\u00a0<a href=\"https:\/\/www.instagram.com\/ronipaparazzi\/\">Instagram\u00a0<\/a>e\u00a0<a href=\"https:\/\/www.facebook.com\/ronipaparazzicomvoce\">Facebook<\/a>\u00a0participe da nossa comunidade do Canal Roni Paparazzi no Whatsapp e receba as principais not\u00edcias da regi\u00e3o de Ara\u00e7atuba do dia direto no seu celular.<\/strong>\u00a0<a href=\"https:\/\/chat.whatsapp.com\/GsG1XKo0jPOEfjzudWQcml\" target=\"_blank\" rel=\"noreferrer noopener\">\u00a0Clique aqui e se inscreva.<\/a><\/em><\/strong><\/em><\/strong><\/em><\/strong><\/em><\/strong><\/em><\/strong><\/em><\/strong><\/em><\/strong><\/em><\/strong><\/p>\n","protected":false},"excerpt":{"rendered":"<p>A partir de 1\u00ba de janeiro de 2025, o Departamento Estadual de Tr\u00e2nsito de S\u00e3o Paulo (Detran-SP) mudar\u00e1 o processo de baixa de ve\u00edculos. O objetivo \u00e9 simplificar e agilizar o procedimento, tornando-o mais pr\u00e1tico e econ\u00f4mico para os cidad\u00e3os. A informa\u00e7\u00e3o \u00e9 do Roni Paparazzi e \u00a0Foto: Governo de SP. O que muda? A &hellip;<\/p>\n","protected":false},"author":1,"featured_media":13444,"comment_status":"open","ping_status":"open","sticky":false,"template":"","format":"standard","meta":{"_jetpack_memberships_contains_paid_content":false,"footnotes":"","jetpack_publicize_message":"","jetpack_publicize_feature_enabled":true,"jetpack_social_post_already_shared":false,"jetpack_social_options":{"image_generator_settings":{"template":"highway","default_image_id":0,"enabled":false},"version":2}},"categories":[4],"tags":[],"class_list":["post-13443","post","type-post","status-publish","format-standard","has-post-thumbnail","hentry","category-regiao"],"jetpack_publicize_connections":[],"jetpack_featured_media_url":"https:\/\/i0.wp.com\/www.paparazzinews.com.br\/wp-content\/uploads\/2024\/11\/veiculos-2.jpg?fit=1024%2C704&ssl=1","views":"1136","jetpack_likes_enabled":true,"jetpack_sharing_enabled":true,"_links":{"self":[{"href":"https:\/\/www.paparazzinews.com.br\/index.php?rest_route=\/wp\/v2\/posts\/13443","targetHints":{"allow":["GET"]}}],"collection":[{"href":"https:\/\/www.paparazzinews.com.br\/index.php?rest_route=\/wp\/v2\/posts"}],"about":[{"href":"https:\/\/www.paparazzinews.com.br\/index.php?rest_route=\/wp\/v2\/types\/post"}],"author":[{"embeddable":true,"href":"https:\/\/www.paparazzinews.com.br\/index.php?rest_route=\/wp\/v2\/users\/1"}],"replies":[{"embeddable":true,"href":"https:\/\/www.paparazzinews.com.br\/index.php?rest_route=%2Fwp%2Fv2%2Fcomments&post=13443"}],"version-history":[{"count":1,"href":"https:\/\/www.paparazzinews.com.br\/index.php?rest_route=\/wp\/v2\/posts\/13443\/revisions"}],"predecessor-version":[{"id":13445,"href":"https:\/\/www.paparazzinews.com.br\/index.php?rest_route=\/wp\/v2\/posts\/13443\/revisions\/13445"}],"wp:featuredmedia":[{"embeddable":true,"href":"https:\/\/www.paparazzinews.com.br\/index.php?rest_route=\/wp\/v2\/media\/13444"}],"wp:attachment":[{"href":"https:\/\/www.paparazzinews.com.br\/index.php?rest_route=%2Fwp%2Fv2%2Fmedia&parent=13443"}],"wp:term":[{"taxonomy":"category","embeddable":true,"href":"https:\/\/www.paparazzinews.com.br\/index.php?rest_route=%2Fwp%2Fv2%2Fcategories&post=13443"},{"taxonomy":"post_tag","embeddable":true,"href":"https:\/\/www.paparazzinews.com.br\/index.php?rest_route=%2Fwp%2Fv2%2Ftags&post=13443"}],"curies":[{"name":"wp","href":"https:\/\/api.w.org\/{rel}","templated":true}]}}