{"id":13393,"date":"2024-11-12T11:23:34","date_gmt":"2024-11-12T14:23:34","guid":{"rendered":"https:\/\/www.paparazzinews.com.br\/?p=13393"},"modified":"2024-11-12T11:23:35","modified_gmt":"2024-11-12T14:23:35","slug":"nos-feriados-aguas-andradina-e-aguas-castilho-centralizam-atendimento-nos-canais-nao-presenciais","status":"publish","type":"post","link":"https:\/\/www.paparazzinews.com.br\/?p=13393","title":{"rendered":"Nos feriados, \u00c1guas Andradina e \u00c1guas Castilho centralizam atendimento nos canais n\u00e3o presenciais"},"content":{"rendered":"\n<p>Nos dias 15 e 20 de novembro, devido ao feriado nacional referente ao Dia da Proclama\u00e7\u00e3o da Rep\u00fablica do Brasil e ao feriado estadual do Dia da Consci\u00eancia Negra, a loja da \u00c1guas Andradina e a loja da \u00c1guas Castilho n\u00e3o ter\u00e3o expediente.<\/p>\n\n\n\n<p>Os clientes que necessitarem de atendimento, em Andradina, poder\u00e3o entrar em contato pelo telefone 0800 775 0195 (24 horas), pelo WhatsApp (18) 99637 4603 ou acessando o www.igua.com.br\/andradina.<\/p>\n\n\n\n<p>E em Castilho, os contatos s\u00e3o 0800 770 3195 (24 horas), WhatsApp: (18) 99609-5213 ou <a href=\"http:\/\/www.igua.com.br\/castilho\" data-type=\"link\" data-id=\"www.igua.com.br\/castilho\">www.igua.com.br\/castilho<\/a>.<\/p>\n\n\n\n<p>Nos demais dias, as lojas, localizadas na rua Doutor Orensy Rodrigues da Silva, 1062, e na Avenida Presidente Get\u00falio Vargas, 20, funcionam normalmente, das 8h30 \u00e0s 17h, de segunda a sexta-feira.<\/p>\n\n\n\n<p>Para saber mais informa\u00e7\u00f5es sobre os trabalhos realizados pela \u00c1guas Andradina e pela \u00c1guas Castilho acessem <a href=\"http:\/\/www.igua.com.br\/andradina\" data-type=\"link\" data-id=\"www.igua.com.br\/andradina\">www.igua.com.br\/andradina<\/a> e<a href=\"http:\/\/www.igua.com.br\/castilho\" data-type=\"link\" data-id=\"www.igua.com.br\/castilho\"> www.igua.com.br\/castilho<\/a>.<\/p>\n\n\n\n<p><strong><em><strong><em><strong><em><strong><em><strong><em><strong><em><strong><em><strong><em><strong>Siga nossas redes sociais no&nbsp;<a href=\"https:\/\/www.instagram.com\/ronipaparazzi\/\">Instagram&nbsp;<\/a>e&nbsp;<a href=\"https:\/\/www.facebook.com\/ronipaparazzicomvoce\">Facebook<\/a>&nbsp;participe da nossa comunidade do Canal Roni Paparazzi no Whatsapp e receba as principais not\u00edcias da regi\u00e3o de Ara\u00e7atuba do dia direto no seu celular.<\/strong>&nbsp;<a href=\"https:\/\/chat.whatsapp.com\/GsG1XKo0jPOEfjzudWQcml\" target=\"_blank\" rel=\"noreferrer noopener\">&nbsp;Clique aqui e se inscreva.<\/a><\/em><\/strong><\/em><\/strong><\/em><\/strong><\/em><\/strong><\/em><\/strong><\/em><\/strong><\/em><\/strong><\/em><\/strong><\/p>\n\n\n\n<p><\/p>\n","protected":false},"excerpt":{"rendered":"<p>Nos dias 15 e 20 de novembro, devido ao feriado nacional referente ao Dia da Proclama\u00e7\u00e3o da Rep\u00fablica do Brasil e ao feriado estadual do Dia da Consci\u00eancia Negra, a loja da \u00c1guas Andradina e a loja da \u00c1guas Castilho n\u00e3o ter\u00e3o expediente. Os clientes que necessitarem de atendimento, em Andradina, poder\u00e3o entrar em contato &hellip;<\/p>\n","protected":false},"author":1,"featured_media":13394,"comment_status":"open","ping_status":"open","sticky":false,"template":"","format":"standard","meta":{"_jetpack_memberships_contains_paid_content":false,"footnotes":"","jetpack_publicize_message":"","jetpack_publicize_feature_enabled":true,"jetpack_social_post_already_shared":false,"jetpack_social_options":{"image_generator_settings":{"template":"highway","default_image_id":0,"enabled":false},"version":2}},"categories":[4],"tags":[],"class_list":["post-13393","post","type-post","status-publish","format-standard","has-post-thumbnail","hentry","category-regiao"],"jetpack_publicize_connections":[],"jetpack_featured_media_url":"https:\/\/i0.wp.com\/www.paparazzinews.com.br\/wp-content\/uploads\/2024\/11\/76a4fc76-9445-4fa6-ba7c-51a1d6853abe.jpeg?fit=1600%2C1066&ssl=1","views":"1103","jetpack_likes_enabled":true,"jetpack_sharing_enabled":true,"_links":{"self":[{"href":"https:\/\/www.paparazzinews.com.br\/index.php?rest_route=\/wp\/v2\/posts\/13393","targetHints":{"allow":["GET"]}}],"collection":[{"href":"https:\/\/www.paparazzinews.com.br\/index.php?rest_route=\/wp\/v2\/posts"}],"about":[{"href":"https:\/\/www.paparazzinews.com.br\/index.php?rest_route=\/wp\/v2\/types\/post"}],"author":[{"embeddable":true,"href":"https:\/\/www.paparazzinews.com.br\/index.php?rest_route=\/wp\/v2\/users\/1"}],"replies":[{"embeddable":true,"href":"https:\/\/www.paparazzinews.com.br\/index.php?rest_route=%2Fwp%2Fv2%2Fcomments&post=13393"}],"version-history":[{"count":1,"href":"https:\/\/www.paparazzinews.com.br\/index.php?rest_route=\/wp\/v2\/posts\/13393\/revisions"}],"predecessor-version":[{"id":13395,"href":"https:\/\/www.paparazzinews.com.br\/index.php?rest_route=\/wp\/v2\/posts\/13393\/revisions\/13395"}],"wp:featuredmedia":[{"embeddable":true,"href":"https:\/\/www.paparazzinews.com.br\/index.php?rest_route=\/wp\/v2\/media\/13394"}],"wp:attachment":[{"href":"https:\/\/www.paparazzinews.com.br\/index.php?rest_route=%2Fwp%2Fv2%2Fmedia&parent=13393"}],"wp:term":[{"taxonomy":"category","embeddable":true,"href":"https:\/\/www.paparazzinews.com.br\/index.php?rest_route=%2Fwp%2Fv2%2Fcategories&post=13393"},{"taxonomy":"post_tag","embeddable":true,"href":"https:\/\/www.paparazzinews.com.br\/index.php?rest_route=%2Fwp%2Fv2%2Ftags&post=13393"}],"curies":[{"name":"wp","href":"https:\/\/api.w.org\/{rel}","templated":true}]}}