{"id":13371,"date":"2024-11-11T16:37:41","date_gmt":"2024-11-11T19:37:41","guid":{"rendered":"https:\/\/www.paparazzinews.com.br\/?p=13371"},"modified":"2024-11-11T16:37:42","modified_gmt":"2024-11-11T19:37:42","slug":"primeira-corrida-da-forca-tatica-do-28o-bpm-i-um-evento-memoravel-em-andradina","status":"publish","type":"post","link":"https:\/\/www.paparazzinews.com.br\/?p=13371","title":{"rendered":"Primeira Corrida da For\u00e7a T\u00e1tica do 28\u00ba BPM\/I: Um evento memor\u00e1vel em Andradina"},"content":{"rendered":"\n<p>Na manh\u00e3 de domingo, 10 de novembro de 2024, a cidade de Andradina sediou um evento inesquec\u00edvel: a Primeira Corrida da For\u00e7a T\u00e1tica do 28\u00ba Batalh\u00e3o de Pol\u00edcia Militar do Interior (BPM\/I). Com mais de 250 participantes na categoria geral, a corrida teve in\u00edcio \u00e0s 7 horas, percorrendo 5 quil\u00f4metros desde e at\u00e9 a sede do batalh\u00e3o. A informa\u00e7\u00e3o \u00e9 do Roni Paparazzi.<\/p>\n\n\n\n<p><strong>Destaque do Evento<\/strong><\/p>\n\n\n\n<p>O Comando de Avia\u00e7\u00e3o A\u00e9rea marcou presen\u00e7a com o helic\u00f3ptero \u00c1guia, permitindo que a popula\u00e7\u00e3o tirasse fotos e conhecesse a aeronave de perto. O canil do 12\u00ba Batalh\u00e3o de Pol\u00edcia Militar de Opera\u00e7\u00f5es Especiais de Ara\u00e7atuba tamb\u00e9m participou, demonstrando habilidades de c\u00e3es policiais.<\/p>\n\n\n\n<p>Estandes Informativos e Expositivos<\/p>\n\n\n\n<p><strong>A corrida contou com estandes da:<\/strong><\/p>\n\n\n\n<ul class=\"wp-block-list\">\n<li>Pol\u00edcia Ambiental, mostrando seus equipamentos<\/li>\n\n\n\n<li>Corpo de Bombeiros, apresentando seus equipamentos<\/li>\n\n\n\n<li>Companhia de For\u00e7a T\u00e1tica, exibindo armas, equipamentos e viaturas<\/li>\n\n\n\n<li>Equipe de Airsoft, demonstrando equipamentos da modalidade<\/li>\n<\/ul>\n\n\n\n<p><strong>\u00c1rea de Recrea\u00e7\u00e3o Infantil<\/strong><\/p>\n\n\n\n<p>As crian\u00e7as se divertiram com brinquedos como pula-pula e escorregador.<\/p>\n\n\n\n<p><strong>Agradecimentos<\/strong><\/p>\n\n\n\n<p>O comandante de companhia, Capit\u00e3o Valdomiro, agradeceu aos Tenentes Fagundes e Guilherme pela excel\u00eancia na coordena\u00e7\u00e3o do evento e a todos os patrocinadores e participantes.<\/p>\n\n\n\n<p><strong>Pr\u00f3xima Edi\u00e7\u00e3o<\/strong><\/p>\n\n\n\n<p>A segunda edi\u00e7\u00e3o da Corrida da For\u00e7a T\u00e1tica est\u00e1 marcada para 9 de novembro de 2025. A Pol\u00edcia Militar do 28\u00ba BPM\/I convida a todos a participarem, reafirmando seu compromisso de servir e proteger a sociedade com dedica\u00e7\u00e3o e excel\u00eancia.<\/p>\n\n\n\n<p><strong><em><strong><em><strong><em><strong><em><strong><em><strong><em><strong><em><strong><em><strong>Siga nossas redes sociais no\u00a0<a href=\"https:\/\/www.instagram.com\/ronipaparazzi\/\">Instagram\u00a0<\/a>e\u00a0<a href=\"https:\/\/www.facebook.com\/ronipaparazzicomvoce\">Facebook<\/a>\u00a0participe da nossa comunidade do Canal Roni Paparazzi no Whatsapp e receba as principais not\u00edcias da regi\u00e3o de Ara\u00e7atuba do dia direto no seu celular.<\/strong>\u00a0<a href=\"https:\/\/chat.whatsapp.com\/GsG1XKo0jPOEfjzudWQcml\" target=\"_blank\" rel=\"noreferrer noopener\">\u00a0Clique aqui e se inscreva.<\/a><\/em><\/strong><\/em><\/strong><\/em><\/strong><\/em><\/strong><\/em><\/strong><\/em><\/strong><\/em><\/strong><\/em><\/strong><\/p>\n","protected":false},"excerpt":{"rendered":"<p>Na manh\u00e3 de domingo, 10 de novembro de 2024, a cidade de Andradina sediou um evento inesquec\u00edvel: a Primeira Corrida da For\u00e7a T\u00e1tica do 28\u00ba Batalh\u00e3o de Pol\u00edcia Militar do Interior (BPM\/I). Com mais de 250 participantes na categoria geral, a corrida teve in\u00edcio \u00e0s 7 horas, percorrendo 5 quil\u00f4metros desde e at\u00e9 a sede &hellip;<\/p>\n","protected":false},"author":1,"featured_media":13372,"comment_status":"open","ping_status":"open","sticky":false,"template":"","format":"standard","meta":{"_jetpack_memberships_contains_paid_content":false,"footnotes":"","jetpack_publicize_message":"","jetpack_publicize_feature_enabled":true,"jetpack_social_post_already_shared":false,"jetpack_social_options":{"image_generator_settings":{"template":"highway","default_image_id":0,"enabled":false},"version":2}},"categories":[6],"tags":[],"class_list":["post-13371","post","type-post","status-publish","format-standard","has-post-thumbnail","hentry","category-entretenimento"],"jetpack_publicize_connections":[],"jetpack_featured_media_url":"https:\/\/i0.wp.com\/www.paparazzinews.com.br\/wp-content\/uploads\/2024\/11\/f3a1e917-45c7-46ad-8984-25b108f19598.jpeg?fit=1600%2C1028&ssl=1","views":"1205","jetpack_likes_enabled":true,"jetpack_sharing_enabled":true,"_links":{"self":[{"href":"https:\/\/www.paparazzinews.com.br\/index.php?rest_route=\/wp\/v2\/posts\/13371","targetHints":{"allow":["GET"]}}],"collection":[{"href":"https:\/\/www.paparazzinews.com.br\/index.php?rest_route=\/wp\/v2\/posts"}],"about":[{"href":"https:\/\/www.paparazzinews.com.br\/index.php?rest_route=\/wp\/v2\/types\/post"}],"author":[{"embeddable":true,"href":"https:\/\/www.paparazzinews.com.br\/index.php?rest_route=\/wp\/v2\/users\/1"}],"replies":[{"embeddable":true,"href":"https:\/\/www.paparazzinews.com.br\/index.php?rest_route=%2Fwp%2Fv2%2Fcomments&post=13371"}],"version-history":[{"count":1,"href":"https:\/\/www.paparazzinews.com.br\/index.php?rest_route=\/wp\/v2\/posts\/13371\/revisions"}],"predecessor-version":[{"id":13373,"href":"https:\/\/www.paparazzinews.com.br\/index.php?rest_route=\/wp\/v2\/posts\/13371\/revisions\/13373"}],"wp:featuredmedia":[{"embeddable":true,"href":"https:\/\/www.paparazzinews.com.br\/index.php?rest_route=\/wp\/v2\/media\/13372"}],"wp:attachment":[{"href":"https:\/\/www.paparazzinews.com.br\/index.php?rest_route=%2Fwp%2Fv2%2Fmedia&parent=13371"}],"wp:term":[{"taxonomy":"category","embeddable":true,"href":"https:\/\/www.paparazzinews.com.br\/index.php?rest_route=%2Fwp%2Fv2%2Fcategories&post=13371"},{"taxonomy":"post_tag","embeddable":true,"href":"https:\/\/www.paparazzinews.com.br\/index.php?rest_route=%2Fwp%2Fv2%2Ftags&post=13371"}],"curies":[{"name":"wp","href":"https:\/\/api.w.org\/{rel}","templated":true}]}}