{"id":13314,"date":"2024-11-11T14:47:53","date_gmt":"2024-11-11T17:47:53","guid":{"rendered":"https:\/\/www.paparazzinews.com.br\/?p=13314"},"modified":"2024-11-11T14:47:54","modified_gmt":"2024-11-11T17:47:54","slug":"vestibular-das-fatecs-2025-inscricoes-e-isencao-de-taxa-comecam-em-13-de-novembro","status":"publish","type":"post","link":"https:\/\/www.paparazzinews.com.br\/?p=13314","title":{"rendered":"Vestibular das Fatecs 2025: Inscri\u00e7\u00f5es e Isen\u00e7\u00e3o de Taxa Come\u00e7am em 13 de Novembro"},"content":{"rendered":"\n<p>O processo seletivo para as Faculdades de Tecnologia do Estado (Fatecs) j\u00e1 tem data para come\u00e7ar. A partir do dia 13 de novembro, os candidatos poder\u00e3o se inscrever e solicitar isen\u00e7\u00e3o ou redu\u00e7\u00e3o da taxa de inscri\u00e7\u00e3o. A informa\u00e7\u00e3o \u00e9 de Roni Paparazzi e Foto: Governo de SP.<\/p>\n\n\n\n<p><strong>Principais datas do Vestibular das Fatecs:<\/strong><\/p>\n\n\n\n<ul class=\"wp-block-list\">\n<li>13 a 14 de novembro: solicita\u00e7\u00e3o de isen\u00e7\u00e3o e redu\u00e7\u00e3o da taxa de inscri\u00e7\u00e3o<\/li>\n\n\n\n<li>13 de novembro a 11 de dezembro: inscri\u00e7\u00f5es para o Vestibular<\/li>\n\n\n\n<li>12 de janeiro de 2025: prova do Vestibular<\/li>\n\n\n\n<li>4 de fevereiro de 2025: divulga\u00e7\u00e3o da classifica\u00e7\u00e3o geral e primeira convoca\u00e7\u00e3o de matr\u00edculas<\/li>\n<\/ul>\n\n\n\n<p>Com mais de 90 op\u00e7\u00f5es de cursos superiores tecnol\u00f3gicos, as Fatecs oferecem vagas em todas as regi\u00f5es do estado. Os cursos s\u00e3o atualizados constantemente para atender \u00e0s demandas do mercado de trabalho.<\/p>\n\n\n\n<p>Fique atento ao novo site do processo seletivo das Fatecs, que ser\u00e1 lan\u00e7ado em breve, e contenha informa\u00e7\u00f5es detalhadas sobre vagas, cursos e unidades.<\/p>\n\n\n\n<p><strong><em><strong><em><strong><em><strong><em><strong><em><strong><em><strong><em><strong><em><strong>Siga nossas redes sociais no\u00a0<a href=\"https:\/\/www.instagram.com\/ronipaparazzi\/\">Instagram\u00a0<\/a>e\u00a0<a href=\"https:\/\/www.facebook.com\/ronipaparazzicomvoce\">Facebook<\/a>\u00a0participe da nossa comunidade do Canal Roni Paparazzi no Whatsapp e receba as principais not\u00edcias da regi\u00e3o de Ara\u00e7atuba do dia direto no seu celular.<\/strong>\u00a0<a href=\"https:\/\/chat.whatsapp.com\/GsG1XKo0jPOEfjzudWQcml\" target=\"_blank\" rel=\"noreferrer noopener\">\u00a0Clique aqui e se inscreva.<\/a><\/em><\/strong><\/em><\/strong><\/em><\/strong><\/em><\/strong><\/em><\/strong><\/em><\/strong><\/em><\/strong><\/em><\/strong><\/p>\n","protected":false},"excerpt":{"rendered":"<p>O processo seletivo para as Faculdades de Tecnologia do Estado (Fatecs) j\u00e1 tem data para come\u00e7ar. A partir do dia 13 de novembro, os candidatos poder\u00e3o se inscrever e solicitar isen\u00e7\u00e3o ou redu\u00e7\u00e3o da taxa de inscri\u00e7\u00e3o. A informa\u00e7\u00e3o \u00e9 de Roni Paparazzi e Foto: Governo de SP. Principais datas do Vestibular das Fatecs: 13 &hellip;<\/p>\n","protected":false},"author":1,"featured_media":13316,"comment_status":"open","ping_status":"open","sticky":false,"template":"","format":"standard","meta":{"_jetpack_memberships_contains_paid_content":false,"footnotes":"","jetpack_publicize_message":"","jetpack_publicize_feature_enabled":true,"jetpack_social_post_already_shared":false,"jetpack_social_options":{"image_generator_settings":{"template":"highway","default_image_id":0,"enabled":false},"version":2}},"categories":[4],"tags":[],"class_list":["post-13314","post","type-post","status-publish","format-standard","has-post-thumbnail","hentry","category-regiao"],"jetpack_publicize_connections":[],"jetpack_featured_media_url":"https:\/\/i0.wp.com\/www.paparazzinews.com.br\/wp-content\/uploads\/2024\/11\/electronic_day-scaled-1-1536x1021-1.jpg?fit=1536%2C1021&ssl=1","views":"780","jetpack_likes_enabled":true,"jetpack_sharing_enabled":true,"_links":{"self":[{"href":"https:\/\/www.paparazzinews.com.br\/index.php?rest_route=\/wp\/v2\/posts\/13314","targetHints":{"allow":["GET"]}}],"collection":[{"href":"https:\/\/www.paparazzinews.com.br\/index.php?rest_route=\/wp\/v2\/posts"}],"about":[{"href":"https:\/\/www.paparazzinews.com.br\/index.php?rest_route=\/wp\/v2\/types\/post"}],"author":[{"embeddable":true,"href":"https:\/\/www.paparazzinews.com.br\/index.php?rest_route=\/wp\/v2\/users\/1"}],"replies":[{"embeddable":true,"href":"https:\/\/www.paparazzinews.com.br\/index.php?rest_route=%2Fwp%2Fv2%2Fcomments&post=13314"}],"version-history":[{"count":1,"href":"https:\/\/www.paparazzinews.com.br\/index.php?rest_route=\/wp\/v2\/posts\/13314\/revisions"}],"predecessor-version":[{"id":13317,"href":"https:\/\/www.paparazzinews.com.br\/index.php?rest_route=\/wp\/v2\/posts\/13314\/revisions\/13317"}],"wp:featuredmedia":[{"embeddable":true,"href":"https:\/\/www.paparazzinews.com.br\/index.php?rest_route=\/wp\/v2\/media\/13316"}],"wp:attachment":[{"href":"https:\/\/www.paparazzinews.com.br\/index.php?rest_route=%2Fwp%2Fv2%2Fmedia&parent=13314"}],"wp:term":[{"taxonomy":"category","embeddable":true,"href":"https:\/\/www.paparazzinews.com.br\/index.php?rest_route=%2Fwp%2Fv2%2Fcategories&post=13314"},{"taxonomy":"post_tag","embeddable":true,"href":"https:\/\/www.paparazzinews.com.br\/index.php?rest_route=%2Fwp%2Fv2%2Ftags&post=13314"}],"curies":[{"name":"wp","href":"https:\/\/api.w.org\/{rel}","templated":true}]}}