{"id":133,"date":"2022-06-23T15:55:21","date_gmt":"2022-06-23T18:55:21","guid":{"rendered":"https:\/\/www.paparazzinews.com.br\/?p=133"},"modified":"2022-06-23T15:55:22","modified_gmt":"2022-06-23T18:55:22","slug":"andradina-inicia-vacina-da-covid-e-influenza-na-populacao-de-40","status":"publish","type":"post","link":"https:\/\/www.paparazzinews.com.br\/?p=133","title":{"rendered":"Andradina inicia vacina da Covid e Influenza na popula\u00e7\u00e3o de 40+"},"content":{"rendered":"\n<p>A Secretaria de Sa\u00fade de Andradina come\u00e7a nesta quinta-feira (13) a aplicar a quarta dose da vacina de Covid-19 nas pessoas com mais de 40 anos de idade. O limite de idade tamb\u00e9m valer\u00e1 para a vacina\u00e7\u00e3o contra influenza.<\/p>\n\n\n\n<p>A Coordenadora de Aten\u00e7\u00e3o B\u00e1sica, Carla Back, anunciou que a vacina\u00e7\u00e3o estar\u00e1 dispon\u00edvel em todas as Unidades B\u00e1sicas de Sa\u00fade de Andradina, exceto a UAS Norte, no hor\u00e1rio das 13h \u00e0s 17h.<\/p>\n\n\n\n<p>Nesta vacina\u00e7\u00e3o ser\u00e1 utilizada para o esquema vacinal deste p\u00fablico as vacinas da Pfizer, AstraZeneca e Janssen, conforme disponibilidade nas unidades de sa\u00fade. A nova dose de refor\u00e7o pode ser aplicada ap\u00f3s 4 meses da terceira dose.<\/p>\n\n\n\n<p>Carla afirmou que no caso da influenza e tamb\u00e9m do sarampo, a cobertura vacinal ainda est\u00e1 muito abaixo do esperado (confira gr\u00e1fico). O mesmo acontece com a evolu\u00e7\u00e3o das fases da vacina\u00e7\u00e3o Covid, onde vemos o seguinte quadro: Dose 1: 51.944 (pessoas), Dose 2: 48.948 (pessoas), Dose 3: 37.334 e Dose 4: 1.371.<\/p>\n\n\n\n<p>Em rela\u00e7\u00e3o a outras vacinas a situa\u00e7\u00e3o mais preocupante \u00e9 a vacina\u00e7\u00e3o contra o sarampo, onde foi vacinada apenas 35% do p\u00fablico alvo.<\/p>\n\n\n\n<p>Confira postos de vacina\u00e7\u00e3o e hor\u00e1rios em Andradina.<\/p>\n\n\n\n<p><strong>SEGUNDA, TER\u00c7A, QUINTA E SEXTA-FEIRA<\/strong><\/p>\n\n\n\n<p>UBS ADILSON DANTAS &#8211; R. Jean Bernard n\u00b0 643, Jd Europa<br>Das 8h \u00e0s 12h: Vacina de rotina conforme calend\u00e1rio. Vacina de campanha Influenza infantil. Tr\u00edplice Viral e Covid Pedi\u00e1trica.<br>Das 13h \u00e0s 17h: Campanha de Influenza Adulto e Covid adulto.<\/p>\n\n\n\n<p>UBS MINEIRA &#8211; Rua Igua\u00e7\u00fa, n\u00b0 1195.<br>Das 8h \u00e0s 12h: Vacinas de rotina conforme calend\u00e1rio. Campanha Influenza. Campanha Tr\u00edplice Viral.<br>Das 13h \u00e0s 17h: Vacina\u00e7\u00e3o Covid e Influenza adulto.<\/p>\n\n\n\n<p>UBS BENFICA &#8211; R. Monsenhor Vitor Assuite, n\u00b0 2004.<br>Das 8h \u00e0s 12h : Vacinas de rotina conforme calend\u00e1rio. Campanha Influenza. Campanha Tr\u00edplice Viral.<br>Das 13h \u00e0s 17h: Vacina\u00e7\u00e3o Covid e Influenza adulto.<\/p>\n\n\n\n<p>CENTRO DE SA\u00daDE &#8211; R. Paes Leme, n\u00b0 145<br>Das 13h \u00e0s 17h: Vacina\u00e7\u00e3o Covid e Campanha Influenza.<\/p>\n\n\n\n<p>UBS LESTE &#8211; R. Presidente Dutra, n\u00b0 387, Jd Santa Cec\u00edlia.<br>Das 8h \u00e0s 11h: Vacina\u00e7\u00e3o de rotina, Campanha Influenza e Campanha Sarampo.<br>Das 13h \u00e0s 17h: Vacina\u00e7\u00e3o Covid e Influenza.<\/p>\n\n\n\n<p><strong>TODAS AS QUARTA-FEIRAS<\/strong><\/p>\n\n\n\n<p>UBS ADILSON DANTAS &#8211; R. Jean Bernard n\u00b0 643, Jd Europa<br>Das 8h \u00e0s 12h: Campanha de Influenza Adulto e Covid adulto.<br>Das 13h \u00e0s 17h: Vacina de rotina conforme calend\u00e1rio.Vacina de campanha Influenza infantil.Tr\u00edplice Viral e Covid Pedi\u00e1trica.<\/p>\n\n\n\n<p>UBS MINEIRA &#8211; Rua Igua\u00e7\u00fa, n\u00b0 1195.<br>Das 8h \u00e0s 12h: Vacina\u00e7\u00e3o Covid e Influenza adulto.<br>Das 13h \u00e0s 17h: Vacinas de rotina conforme calend\u00e1rio. Campanha Influenza. Campanha Tr\u00edplice Viral.<\/p>\n\n\n\n<p>UBS BENFICA &#8211; R. Monsenhor Vitor Assuite, n\u00b0 2004.<br>Das 8h \u00e0s 12h: Vacina\u00e7\u00e3o Covid e Influenza adulto.<br>Das 13h \u00e0s 17h: Vacinas de rotina conforme calend\u00e1rio. Campanha Influenza. Campanha Tr\u00edplice Viral.<\/p>\n\n\n\n<p>CENTRO DE SA\u00daDE &#8211; R. Paes Leme, n\u00b0 145<br>Das 8h \u00e0s 12h: Vacina\u00e7\u00e3o Covid e Campanha Influenza.<\/p>\n\n\n\n<p>UBS Leste &#8211; R. Presidente Dutra, n\u00b0 387, Jd Santa Cec\u00edlia.<br>Das 8h \u00e0s 12h: Vacina\u00e7\u00e3o Covid e Influenza.<br>Das 13h \u00e0s 17h: Vacina\u00e7\u00e3o de rotina, Campanha Influenza e Campanha Sarampo.<\/p>\n","protected":false},"excerpt":{"rendered":"<p>A Secretaria de Sa\u00fade de Andradina come\u00e7a nesta quinta-feira (13) a aplicar a quarta dose da vacina de Covid-19 nas pessoas com mais de 40 anos de idade. O limite de idade tamb\u00e9m valer\u00e1 para a vacina\u00e7\u00e3o contra influenza. A Coordenadora de Aten\u00e7\u00e3o B\u00e1sica, Carla Back, anunciou que a vacina\u00e7\u00e3o estar\u00e1 dispon\u00edvel em todas as &hellip;<\/p>\n","protected":false},"author":1,"featured_media":134,"comment_status":"open","ping_status":"open","sticky":false,"template":"","format":"standard","meta":{"_jetpack_memberships_contains_paid_content":false,"footnotes":"","jetpack_publicize_message":"","jetpack_publicize_feature_enabled":true,"jetpack_social_post_already_shared":false,"jetpack_social_options":{"image_generator_settings":{"template":"highway","default_image_id":0,"enabled":false},"version":2}},"categories":[4],"tags":[],"class_list":["post-133","post","type-post","status-publish","format-standard","has-post-thumbnail","hentry","category-regiao"],"jetpack_publicize_connections":[],"jetpack_featured_media_url":"https:\/\/i0.wp.com\/www.paparazzinews.com.br\/wp-content\/uploads\/2022\/06\/bb0a950d-d64b-4873-96f9-3c0dafc52b5a.jpg?fit=1280%2C853&ssl=1","views":"3186","jetpack_likes_enabled":true,"jetpack_sharing_enabled":true,"_links":{"self":[{"href":"https:\/\/www.paparazzinews.com.br\/index.php?rest_route=\/wp\/v2\/posts\/133","targetHints":{"allow":["GET"]}}],"collection":[{"href":"https:\/\/www.paparazzinews.com.br\/index.php?rest_route=\/wp\/v2\/posts"}],"about":[{"href":"https:\/\/www.paparazzinews.com.br\/index.php?rest_route=\/wp\/v2\/types\/post"}],"author":[{"embeddable":true,"href":"https:\/\/www.paparazzinews.com.br\/index.php?rest_route=\/wp\/v2\/users\/1"}],"replies":[{"embeddable":true,"href":"https:\/\/www.paparazzinews.com.br\/index.php?rest_route=%2Fwp%2Fv2%2Fcomments&post=133"}],"version-history":[{"count":1,"href":"https:\/\/www.paparazzinews.com.br\/index.php?rest_route=\/wp\/v2\/posts\/133\/revisions"}],"predecessor-version":[{"id":135,"href":"https:\/\/www.paparazzinews.com.br\/index.php?rest_route=\/wp\/v2\/posts\/133\/revisions\/135"}],"wp:featuredmedia":[{"embeddable":true,"href":"https:\/\/www.paparazzinews.com.br\/index.php?rest_route=\/wp\/v2\/media\/134"}],"wp:attachment":[{"href":"https:\/\/www.paparazzinews.com.br\/index.php?rest_route=%2Fwp%2Fv2%2Fmedia&parent=133"}],"wp:term":[{"taxonomy":"category","embeddable":true,"href":"https:\/\/www.paparazzinews.com.br\/index.php?rest_route=%2Fwp%2Fv2%2Fcategories&post=133"},{"taxonomy":"post_tag","embeddable":true,"href":"https:\/\/www.paparazzinews.com.br\/index.php?rest_route=%2Fwp%2Fv2%2Ftags&post=133"}],"curies":[{"name":"wp","href":"https:\/\/api.w.org\/{rel}","templated":true}]}}