{"id":13294,"date":"2024-11-08T15:18:27","date_gmt":"2024-11-08T18:18:27","guid":{"rendered":"https:\/\/www.paparazzinews.com.br\/?p=13294"},"modified":"2024-11-08T15:18:28","modified_gmt":"2024-11-08T18:18:28","slug":"protecao-a-fauna-aquatica-policia-militar-ambiental-combate-pesca-ilegal-durante-piracema","status":"publish","type":"post","link":"https:\/\/www.paparazzinews.com.br\/?p=13294","title":{"rendered":"Prote\u00e7\u00e3o \u00e0 Fauna Aqu\u00e1tica: Pol\u00edcia Militar Ambiental combate pesca ilegal durante Piracema"},"content":{"rendered":"\n<p>A Pol\u00edcia Militar Ambiental de S\u00e3o Paulo desencadeou uma opera\u00e7\u00e3o para proteger a fauna aqu\u00e1tica durante o per\u00edodo de piracema, que vai at\u00e9 28 de fevereiro de 2025. O objetivo \u00e9 garantir a continuidade das esp\u00e9cies de peixes nativas e preservar o equil\u00edbrio dos ecossistemas aqu\u00e1ticos. A informa\u00e7\u00e3o \u00e9 de Roni Paparazzi.<\/p>\n\n\n\n<p>Durante esse per\u00edodo, os peixes migram para as nascentes dos rios para desovar e reproduzir \u00b9. Para garantir a seguran\u00e7a desses animais, a Pol\u00edcia Militar Ambiental intensificou a fiscaliza\u00e7\u00e3o em \u00e1reas de prote\u00e7\u00e3o ambiental, como margens de lagoas, barragens, corredeiras e proximidades das conflu\u00eancias de rios.<\/p>\n\n\n\n<p><strong>Restri\u00e7\u00f5es de Pesca<\/strong><\/p>\n\n\n\n<ul class=\"wp-block-list\">\n<li>A captura de esp\u00e9cies nativas \u00e9 proibida, assim como o transporte, armazenamento e realiza\u00e7\u00e3o de competi\u00e7\u00f5es, torneios e gincanas que possam prejudicar a reprodu\u00e7\u00e3o das esp\u00e9cies em \u00e1reas protegidas.<\/li>\n\n\n\n<li>Plataformas flutuantes n\u00e3o s\u00e3o permitidas em \u00e1reas protegidas.<\/li>\n\n\n\n<li>Pescadores podem capturar esp\u00e9cies n\u00e3o nativas em reservat\u00f3rios, exceto o pia\u00e7u, que permanece protegido.<\/li>\n\n\n\n<li>Em pesqueiros registrados no Ibama, n\u00e3o h\u00e1 restri\u00e7\u00f5es, desde que haja nota fiscal.<\/li>\n<\/ul>\n\n\n\n<p><strong>Penas para Infra\u00e7\u00f5es<\/strong><\/p>\n\n\n\n<ul class=\"wp-block-list\">\n<li>A multa para as infra\u00e7\u00f5es \u00e9 de R$ 700, al\u00e9m da apreens\u00e3o dos equipamentos de pesca, conforme a lei n\u00ba 9.605\/1998.<\/li>\n\n\n\n<li>Os valores arrecadados com as multas ser\u00e3o destinados a programas de preserva\u00e7\u00e3o e recupera\u00e7\u00e3o ambiental.<\/li>\n<\/ul>\n\n\n\n<p>Saiba mais sobre a opera\u00e7\u00e3o e as regras de pesca durante o per\u00edodo de piracema no site da Pol\u00edcia Militar Ambiental de S\u00e3o Paulo.<\/p>\n\n\n\n<p><strong><em><strong><em><strong><em><strong><em><strong><em><strong><em><strong><em><strong><em><strong>Siga nossas redes sociais no\u00a0<a href=\"https:\/\/www.instagram.com\/ronipaparazzi\/\">Instagram\u00a0<\/a>e\u00a0<a href=\"https:\/\/www.facebook.com\/ronipaparazzicomvoce\">Facebook<\/a>\u00a0participe da nossa comunidade do Canal Roni Paparazzi no Whatsapp e receba as principais not\u00edcias da regi\u00e3o de Ara\u00e7atuba do dia direto no seu celular.<\/strong>\u00a0<a href=\"https:\/\/chat.whatsapp.com\/GsG1XKo0jPOEfjzudWQcml\" target=\"_blank\" rel=\"noreferrer noopener\">\u00a0Clique aqui e se inscreva.<\/a><\/em><\/strong><\/em><\/strong><\/em><\/strong><\/em><\/strong><\/em><\/strong><\/em><\/strong><\/em><\/strong><\/em><\/strong><\/p>\n","protected":false},"excerpt":{"rendered":"<p>A Pol\u00edcia Militar Ambiental de S\u00e3o Paulo desencadeou uma opera\u00e7\u00e3o para proteger a fauna aqu\u00e1tica durante o per\u00edodo de piracema, que vai at\u00e9 28 de fevereiro de 2025. O objetivo \u00e9 garantir a continuidade das esp\u00e9cies de peixes nativas e preservar o equil\u00edbrio dos ecossistemas aqu\u00e1ticos. A informa\u00e7\u00e3o \u00e9 de Roni Paparazzi. Durante esse per\u00edodo, &hellip;<\/p>\n","protected":false},"author":1,"featured_media":13295,"comment_status":"open","ping_status":"open","sticky":false,"template":"","format":"standard","meta":{"_jetpack_memberships_contains_paid_content":false,"footnotes":"","jetpack_publicize_message":"","jetpack_publicize_feature_enabled":true,"jetpack_social_post_already_shared":false,"jetpack_social_options":{"image_generator_settings":{"template":"highway","default_image_id":0,"enabled":false},"version":2}},"categories":[3],"tags":[],"class_list":["post-13294","post","type-post","status-publish","format-standard","has-post-thumbnail","hentry","category-policial"],"jetpack_publicize_connections":[],"jetpack_featured_media_url":"https:\/\/i0.wp.com\/www.paparazzinews.com.br\/wp-content\/uploads\/2024\/11\/PM-ambiental-e1731080282834-1536x865-1.jpeg?fit=1536%2C865&ssl=1","views":"1273","jetpack_likes_enabled":true,"jetpack_sharing_enabled":true,"_links":{"self":[{"href":"https:\/\/www.paparazzinews.com.br\/index.php?rest_route=\/wp\/v2\/posts\/13294","targetHints":{"allow":["GET"]}}],"collection":[{"href":"https:\/\/www.paparazzinews.com.br\/index.php?rest_route=\/wp\/v2\/posts"}],"about":[{"href":"https:\/\/www.paparazzinews.com.br\/index.php?rest_route=\/wp\/v2\/types\/post"}],"author":[{"embeddable":true,"href":"https:\/\/www.paparazzinews.com.br\/index.php?rest_route=\/wp\/v2\/users\/1"}],"replies":[{"embeddable":true,"href":"https:\/\/www.paparazzinews.com.br\/index.php?rest_route=%2Fwp%2Fv2%2Fcomments&post=13294"}],"version-history":[{"count":1,"href":"https:\/\/www.paparazzinews.com.br\/index.php?rest_route=\/wp\/v2\/posts\/13294\/revisions"}],"predecessor-version":[{"id":13296,"href":"https:\/\/www.paparazzinews.com.br\/index.php?rest_route=\/wp\/v2\/posts\/13294\/revisions\/13296"}],"wp:featuredmedia":[{"embeddable":true,"href":"https:\/\/www.paparazzinews.com.br\/index.php?rest_route=\/wp\/v2\/media\/13295"}],"wp:attachment":[{"href":"https:\/\/www.paparazzinews.com.br\/index.php?rest_route=%2Fwp%2Fv2%2Fmedia&parent=13294"}],"wp:term":[{"taxonomy":"category","embeddable":true,"href":"https:\/\/www.paparazzinews.com.br\/index.php?rest_route=%2Fwp%2Fv2%2Fcategories&post=13294"},{"taxonomy":"post_tag","embeddable":true,"href":"https:\/\/www.paparazzinews.com.br\/index.php?rest_route=%2Fwp%2Fv2%2Ftags&post=13294"}],"curies":[{"name":"wp","href":"https:\/\/api.w.org\/{rel}","templated":true}]}}