{"id":13281,"date":"2024-11-08T12:38:51","date_gmt":"2024-11-08T15:38:51","guid":{"rendered":"https:\/\/www.paparazzinews.com.br\/?p=13281"},"modified":"2024-11-08T12:38:52","modified_gmt":"2024-11-08T15:38:52","slug":"jornada-da-cidadania-trabalho-e-renda-chega-a-birigui","status":"publish","type":"post","link":"https:\/\/www.paparazzinews.com.br\/?p=13281","title":{"rendered":"Jornada da Cidadania, Trabalho e Renda chega a Birigui"},"content":{"rendered":"\n<p>No pr\u00f3ximo dia 13 de novembro, quarta-feira, a Secretaria da Administra\u00e7\u00e3o Penitenci\u00e1ria (SAP) realizar\u00e1 a 1\u00aa edi\u00e7\u00e3o da Jornada da Cidadania, Trabalho e Renda de Birigui. O evento \u00e9 organizado pela Unidade de Atendimento de Reintegra\u00e7\u00e3o Social do munic\u00edpio e ocorrer\u00e1 no Sesc Birigui, localizado na Rua Manoel Domingos Ventura, 121, Vila Xavier, das 9h \u00e0s 12h.<\/p>\n\n\n\n<p>A Jornada tem como objetivo reunir a\u00e7\u00f5es voltadas \u00e0 reintegra\u00e7\u00e3o social de pessoas egressas do sistema prisional, seus familiares e pessoas em cumprimento de penas alternativas. Durante o evento, os participantes ter\u00e3o acesso a servi\u00e7os essenciais como:<\/p>\n\n\n\n<ul class=\"wp-block-list\">\n<li>Atendimento jur\u00eddico<\/li>\n\n\n\n<li>Orienta\u00e7\u00e3o para cursos profissionalizantes<\/li>\n\n\n\n<li>Servi\u00e7os de sa\u00fade<\/li>\n<\/ul>\n\n\n\n<p>Essas atividades visam dar suporte \u00e0s pessoas egressas e suas fam\u00edlias, bem como quem cumpre alternativas penais, para que possam acessar novos caminhos de desenvolvimento pessoal e profissional.<\/p>\n\n\n\n<p>O evento conta com parcerias da Prefeitura Municipal de Birigui, da Universidade Paulista (UNIP), do SENAI, da Defensoria P\u00fablica do Estado de S\u00e3o Paulo e da Igreja Universal, refor\u00e7ando o compromisso de diferentes setores com a inclus\u00e3o social e a constru\u00e7\u00e3o de oportunidades para quem busca recome\u00e7ar.<\/p>\n\n\n\n<p>A iniciativa \u00e9 mais uma a\u00e7\u00e3o da Coordenadoria de Reintegra\u00e7\u00e3o Social e Cidadania (CRSC) da SAP, que promove a\u00e7\u00f5es para fomentar a inclus\u00e3o, atualiza\u00e7\u00e3o e capacita\u00e7\u00e3o da popula\u00e7\u00e3o presa para inser\u00e7\u00e3o ao mercado de trabalho \u00b9.<\/p>\n\n\n\n<p><strong><em><strong><em><strong><em><strong><em><strong><em><strong><em><strong><em><strong><em><strong>Siga nossas redes sociais no\u00a0<a href=\"https:\/\/www.instagram.com\/ronipaparazzi\/\">Instagram\u00a0<\/a>e\u00a0<a href=\"https:\/\/www.facebook.com\/ronipaparazzicomvoce\">Facebook<\/a>\u00a0participe da nossa comunidade do Canal Roni Paparazzi no Whatsapp e receba as principais not\u00edcias da regi\u00e3o de Ara\u00e7atuba do dia direto no seu celular.<\/strong>\u00a0<a href=\"https:\/\/chat.whatsapp.com\/GsG1XKo0jPOEfjzudWQcml\" target=\"_blank\" rel=\"noreferrer noopener\">\u00a0Clique aqui e se inscreva.<\/a><\/em><\/strong><\/em><\/strong><\/em><\/strong><\/em><\/strong><\/em><\/strong><\/em><\/strong><\/em><\/strong><\/em><\/strong><\/p>\n","protected":false},"excerpt":{"rendered":"<p>No pr\u00f3ximo dia 13 de novembro, quarta-feira, a Secretaria da Administra\u00e7\u00e3o Penitenci\u00e1ria (SAP) realizar\u00e1 a 1\u00aa edi\u00e7\u00e3o da Jornada da Cidadania, Trabalho e Renda de Birigui. O evento \u00e9 organizado pela Unidade de Atendimento de Reintegra\u00e7\u00e3o Social do munic\u00edpio e ocorrer\u00e1 no Sesc Birigui, localizado na Rua Manoel Domingos Ventura, 121, Vila Xavier, das 9h &hellip;<\/p>\n","protected":false},"author":1,"featured_media":13282,"comment_status":"open","ping_status":"open","sticky":false,"template":"","format":"standard","meta":{"_jetpack_memberships_contains_paid_content":false,"footnotes":"","jetpack_publicize_message":"","jetpack_publicize_feature_enabled":true,"jetpack_social_post_already_shared":false,"jetpack_social_options":{"image_generator_settings":{"template":"highway","default_image_id":0,"enabled":false},"version":2}},"categories":[4],"tags":[],"class_list":["post-13281","post","type-post","status-publish","format-standard","has-post-thumbnail","hentry","category-regiao"],"jetpack_publicize_connections":[],"jetpack_featured_media_url":"https:\/\/i0.wp.com\/www.paparazzinews.com.br\/wp-content\/uploads\/2024\/11\/img_int_not1262-e1731080294548.jpg?fit=1000%2C563&ssl=1","views":"1255","jetpack_likes_enabled":true,"jetpack_sharing_enabled":true,"_links":{"self":[{"href":"https:\/\/www.paparazzinews.com.br\/index.php?rest_route=\/wp\/v2\/posts\/13281","targetHints":{"allow":["GET"]}}],"collection":[{"href":"https:\/\/www.paparazzinews.com.br\/index.php?rest_route=\/wp\/v2\/posts"}],"about":[{"href":"https:\/\/www.paparazzinews.com.br\/index.php?rest_route=\/wp\/v2\/types\/post"}],"author":[{"embeddable":true,"href":"https:\/\/www.paparazzinews.com.br\/index.php?rest_route=\/wp\/v2\/users\/1"}],"replies":[{"embeddable":true,"href":"https:\/\/www.paparazzinews.com.br\/index.php?rest_route=%2Fwp%2Fv2%2Fcomments&post=13281"}],"version-history":[{"count":1,"href":"https:\/\/www.paparazzinews.com.br\/index.php?rest_route=\/wp\/v2\/posts\/13281\/revisions"}],"predecessor-version":[{"id":13283,"href":"https:\/\/www.paparazzinews.com.br\/index.php?rest_route=\/wp\/v2\/posts\/13281\/revisions\/13283"}],"wp:featuredmedia":[{"embeddable":true,"href":"https:\/\/www.paparazzinews.com.br\/index.php?rest_route=\/wp\/v2\/media\/13282"}],"wp:attachment":[{"href":"https:\/\/www.paparazzinews.com.br\/index.php?rest_route=%2Fwp%2Fv2%2Fmedia&parent=13281"}],"wp:term":[{"taxonomy":"category","embeddable":true,"href":"https:\/\/www.paparazzinews.com.br\/index.php?rest_route=%2Fwp%2Fv2%2Fcategories&post=13281"},{"taxonomy":"post_tag","embeddable":true,"href":"https:\/\/www.paparazzinews.com.br\/index.php?rest_route=%2Fwp%2Fv2%2Ftags&post=13281"}],"curies":[{"name":"wp","href":"https:\/\/api.w.org\/{rel}","templated":true}]}}