{"id":13269,"date":"2024-11-08T11:22:43","date_gmt":"2024-11-08T14:22:43","guid":{"rendered":"https:\/\/www.paparazzinews.com.br\/?p=13269"},"modified":"2024-11-08T11:22:44","modified_gmt":"2024-11-08T14:22:44","slug":"homem-procurado-pela-justica-e-capturado-pela-forca-tatica-em-andradina","status":"publish","type":"post","link":"https:\/\/www.paparazzinews.com.br\/?p=13269","title":{"rendered":"Homem procurado pela Justi\u00e7a \u00e9 capturado pela For\u00e7a T\u00e1tica em Andradina"},"content":{"rendered":"\n<p>Na noite de quinta-feira, 7 de novembro de 2024, uma equipe da For\u00e7a T\u00e1tica da Pol\u00edcia Militar em Andradina realizou uma opera\u00e7\u00e3o bem-sucedida, capturando um homem de 28 anos, sem ocupa\u00e7\u00e3o l\u00edcita, que era procurado pela Justi\u00e7a. A informa\u00e7\u00e3o \u00e9 de Roni Paparazzi e a foto \u00e9 do escritor.<\/p>\n\n\n\n<p>O suspeito foi localizado no bairro Vila Mineira, em um bar, onde estava acompanhado de outras cinco pessoas. Durante a abordagem, os policiais verificaram seu hist\u00f3rico criminal e descobriram que ele possu\u00eda um mandado de pris\u00e3o em aberto.<\/p>\n\n\n\n<p>Ap\u00f3s a pris\u00e3o, o homem foi conduzido ao Plant\u00e3o Permanente e posteriormente transferido para a carceragem, onde permanece \u00e0 disposi\u00e7\u00e3o da Justi\u00e7a. Essa a\u00e7\u00e3o demonstra o compromisso da Pol\u00edcia Militar em manter a seguran\u00e7a e a ordem p\u00fablica em Andradina.<\/p>\n\n\n\n<p>Essa n\u00e3o \u00e9 a primeira vez que a Pol\u00edcia Militar realiza uma pris\u00e3o de sucesso em Andradina. A corpora\u00e7\u00e3o continua trabalhando incansavelmente para combater o crime e proteger a comunidade<\/p>\n\n\n\n<p><strong><em><strong><em><strong><em><strong><em><strong><em><strong><em><strong><em><strong><em><strong>Siga nossas redes sociais no\u00a0<a href=\"https:\/\/www.instagram.com\/ronipaparazzi\/\">Instagram\u00a0<\/a>e\u00a0<a href=\"https:\/\/www.facebook.com\/ronipaparazzicomvoce\">Facebook<\/a>\u00a0participe da nossa comunidade do Canal Roni Paparazzi no Whatsapp e receba as principais not\u00edcias da regi\u00e3o de Ara\u00e7atuba do dia direto no seu celular.<\/strong>\u00a0<a href=\"https:\/\/chat.whatsapp.com\/GsG1XKo0jPOEfjzudWQcml\" target=\"_blank\" rel=\"noreferrer noopener\">\u00a0Clique aqui e se inscreva.<\/a><\/em><\/strong><\/em><\/strong><\/em><\/strong><\/em><\/strong><\/em><\/strong><\/em><\/strong><\/em><\/strong><\/em><\/strong><\/p>\n","protected":false},"excerpt":{"rendered":"<p>Na noite de quinta-feira, 7 de novembro de 2024, uma equipe da For\u00e7a T\u00e1tica da Pol\u00edcia Militar em Andradina realizou uma opera\u00e7\u00e3o bem-sucedida, capturando um homem de 28 anos, sem ocupa\u00e7\u00e3o l\u00edcita, que era procurado pela Justi\u00e7a. A informa\u00e7\u00e3o \u00e9 de Roni Paparazzi e a foto \u00e9 do escritor. O suspeito foi localizado no bairro &hellip;<\/p>\n","protected":false},"author":1,"featured_media":13270,"comment_status":"open","ping_status":"open","sticky":false,"template":"","format":"standard","meta":{"_jetpack_memberships_contains_paid_content":false,"footnotes":"","jetpack_publicize_message":"","jetpack_publicize_feature_enabled":true,"jetpack_social_post_already_shared":false,"jetpack_social_options":{"image_generator_settings":{"template":"highway","default_image_id":0,"enabled":false},"version":2}},"categories":[3],"tags":[],"class_list":["post-13269","post","type-post","status-publish","format-standard","has-post-thumbnail","hentry","category-policial"],"jetpack_publicize_connections":[],"jetpack_featured_media_url":"https:\/\/i0.wp.com\/www.paparazzinews.com.br\/wp-content\/uploads\/2024\/11\/IMG_20201115_213223.jpg?fit=1000%2C563&ssl=1","views":"1362","jetpack_likes_enabled":true,"jetpack_sharing_enabled":true,"_links":{"self":[{"href":"https:\/\/www.paparazzinews.com.br\/index.php?rest_route=\/wp\/v2\/posts\/13269","targetHints":{"allow":["GET"]}}],"collection":[{"href":"https:\/\/www.paparazzinews.com.br\/index.php?rest_route=\/wp\/v2\/posts"}],"about":[{"href":"https:\/\/www.paparazzinews.com.br\/index.php?rest_route=\/wp\/v2\/types\/post"}],"author":[{"embeddable":true,"href":"https:\/\/www.paparazzinews.com.br\/index.php?rest_route=\/wp\/v2\/users\/1"}],"replies":[{"embeddable":true,"href":"https:\/\/www.paparazzinews.com.br\/index.php?rest_route=%2Fwp%2Fv2%2Fcomments&post=13269"}],"version-history":[{"count":1,"href":"https:\/\/www.paparazzinews.com.br\/index.php?rest_route=\/wp\/v2\/posts\/13269\/revisions"}],"predecessor-version":[{"id":13271,"href":"https:\/\/www.paparazzinews.com.br\/index.php?rest_route=\/wp\/v2\/posts\/13269\/revisions\/13271"}],"wp:featuredmedia":[{"embeddable":true,"href":"https:\/\/www.paparazzinews.com.br\/index.php?rest_route=\/wp\/v2\/media\/13270"}],"wp:attachment":[{"href":"https:\/\/www.paparazzinews.com.br\/index.php?rest_route=%2Fwp%2Fv2%2Fmedia&parent=13269"}],"wp:term":[{"taxonomy":"category","embeddable":true,"href":"https:\/\/www.paparazzinews.com.br\/index.php?rest_route=%2Fwp%2Fv2%2Fcategories&post=13269"},{"taxonomy":"post_tag","embeddable":true,"href":"https:\/\/www.paparazzinews.com.br\/index.php?rest_route=%2Fwp%2Fv2%2Ftags&post=13269"}],"curies":[{"name":"wp","href":"https:\/\/api.w.org\/{rel}","templated":true}]}}