{"id":13248,"date":"2024-11-08T10:34:05","date_gmt":"2024-11-08T13:34:05","guid":{"rendered":"https:\/\/www.paparazzinews.com.br\/?p=13248"},"modified":"2024-11-08T10:34:07","modified_gmt":"2024-11-08T13:34:07","slug":"programa-ambientes-verdes-e-saudaveis-e-instituido-em-andradina","status":"publish","type":"post","link":"https:\/\/www.paparazzinews.com.br\/?p=13248","title":{"rendered":"Programa Ambientes Verdes e Saud\u00e1veis \u00e9 institu\u00eddo em Andradina"},"content":{"rendered":"\n<p>O Prefeito Municipal de Andradina, M\u00e1rio Celso Lopes, sancionou e promulgou uma lei que institui o Programa Ambientes Verdes e Saud\u00e1veis (PAVS) na Coordena\u00e7\u00e3o da Aten\u00e7\u00e3o B\u00e1sica da Secretaria Municipal da Sa\u00fade (SMS). O objetivo do programa \u00e9 contribuir para a constru\u00e7\u00e3o de pol\u00edticas p\u00fablicas que promovam a sa\u00fade ambiental e minimizem os impactos das mudan\u00e7as clim\u00e1ticas. A informa\u00e7\u00e3o \u00e9 de Roni Paparazzi.<\/p>\n\n\n\n<p><strong>Princ\u00edpios do Programa<\/strong><\/p>\n\n\n\n<p>O PAVS \u00e9 baseado em oito princ\u00edpios fundamentais:<\/p>\n\n\n\n<ul class=\"wp-block-list\">\n<li>Desenvolvimento Sustent\u00e1vel: conforme a Agenda 2030 da Organiza\u00e7\u00e3o das Na\u00e7\u00f5es Unidas<\/li>\n\n\n\n<li>Sa\u00fade \u00danica: abordagem integrada das vertentes humana, animal e ambiental na Sa\u00fade P\u00fablica<\/li>\n\n\n\n<li>Direito ao Meio Ambiente Ecologicamente Equilibrado: bem de uso comum do povo e essencial \u00e0 sadia qualidade de vida<\/li>\n\n\n\n<li>Equidade: fundamento das pr\u00e1ticas e a\u00e7\u00f5es de promo\u00e7\u00e3o de sa\u00fade<\/li>\n\n\n\n<li>Integralidade: interven\u00e7\u00f5es pautadas na complexidade, potencialidade e singularidade de indiv\u00edduos, grupos e territ\u00f3rios<\/li>\n\n\n\n<li>Determinantes e Condicionantes de Sa\u00fade: incluindo alimenta\u00e7\u00e3o, moradia, saneamento b\u00e1sico, meio ambiente, trabalho, renda, educa\u00e7\u00e3o, transporte, lazer e acesso aos bens e servi\u00e7os essenciais<\/li>\n\n\n\n<li>Promo\u00e7\u00e3o da Cultura de Paz e Direitos Humanos: cria\u00e7\u00e3o de oportunidades de conviv\u00eancia, solidariedade, respeito \u00e0 vida e fortalecimento de v\u00ednculos<\/li>\n\n\n\n<li>Sensibiliza\u00e7\u00e3o sobre as Mudan\u00e7as Clim\u00e1ticas: conforme a Pol\u00edtica Nacional sobre mudan\u00e7as do clima<\/li>\n<\/ul>\n\n\n\n<p>O programa visa fomentar a interface com outros programas afins no \u00e2mbito da SMS e entra em vigor na data de sua publica\u00e7\u00e3o, revogando disposi\u00e7\u00f5es em contr\u00e1rio.<\/p>\n\n\n\n<p><strong><em><strong><em><strong><em><strong><em><strong><em><strong><em><strong><em><strong><em><strong>Siga nossas redes sociais no\u00a0<a href=\"https:\/\/www.instagram.com\/ronipaparazzi\/\">Instagram\u00a0<\/a>e\u00a0<a href=\"https:\/\/www.facebook.com\/ronipaparazzicomvoce\">Facebook<\/a>\u00a0participe da nossa comunidade do Canal Roni Paparazzi no Whatsapp e receba as principais not\u00edcias da regi\u00e3o de Ara\u00e7atuba do dia direto no seu celular.<\/strong>\u00a0<a href=\"https:\/\/chat.whatsapp.com\/GsG1XKo0jPOEfjzudWQcml\" target=\"_blank\" rel=\"noreferrer noopener\">\u00a0Clique aqui e se inscreva.<\/a><\/em><\/strong><\/em><\/strong><\/em><\/strong><\/em><\/strong><\/em><\/strong><\/em><\/strong><\/em><\/strong><\/em><\/strong><\/p>\n\n\n\n<p><\/p>\n","protected":false},"excerpt":{"rendered":"<p>O Prefeito Municipal de Andradina, M\u00e1rio Celso Lopes, sancionou e promulgou uma lei que institui o Programa Ambientes Verdes e Saud\u00e1veis (PAVS) na Coordena\u00e7\u00e3o da Aten\u00e7\u00e3o B\u00e1sica da Secretaria Municipal da Sa\u00fade (SMS). O objetivo do programa \u00e9 contribuir para a constru\u00e7\u00e3o de pol\u00edticas p\u00fablicas que promovam a sa\u00fade ambiental e minimizem os impactos das &hellip;<\/p>\n","protected":false},"author":1,"featured_media":13249,"comment_status":"open","ping_status":"open","sticky":false,"template":"","format":"standard","meta":{"_jetpack_memberships_contains_paid_content":false,"footnotes":"","jetpack_publicize_message":"","jetpack_publicize_feature_enabled":true,"jetpack_social_post_already_shared":false,"jetpack_social_options":{"image_generator_settings":{"template":"highway","default_image_id":0,"enabled":false},"version":2}},"categories":[4],"tags":[],"class_list":["post-13248","post","type-post","status-publish","format-standard","has-post-thumbnail","hentry","category-regiao"],"jetpack_publicize_connections":[],"jetpack_featured_media_url":"https:\/\/i0.wp.com\/www.paparazzinews.com.br\/wp-content\/uploads\/2024\/11\/logo-pavs.webp?fit=500%2C192&ssl=1","views":"1201","jetpack_likes_enabled":true,"jetpack_sharing_enabled":true,"_links":{"self":[{"href":"https:\/\/www.paparazzinews.com.br\/index.php?rest_route=\/wp\/v2\/posts\/13248","targetHints":{"allow":["GET"]}}],"collection":[{"href":"https:\/\/www.paparazzinews.com.br\/index.php?rest_route=\/wp\/v2\/posts"}],"about":[{"href":"https:\/\/www.paparazzinews.com.br\/index.php?rest_route=\/wp\/v2\/types\/post"}],"author":[{"embeddable":true,"href":"https:\/\/www.paparazzinews.com.br\/index.php?rest_route=\/wp\/v2\/users\/1"}],"replies":[{"embeddable":true,"href":"https:\/\/www.paparazzinews.com.br\/index.php?rest_route=%2Fwp%2Fv2%2Fcomments&post=13248"}],"version-history":[{"count":1,"href":"https:\/\/www.paparazzinews.com.br\/index.php?rest_route=\/wp\/v2\/posts\/13248\/revisions"}],"predecessor-version":[{"id":13250,"href":"https:\/\/www.paparazzinews.com.br\/index.php?rest_route=\/wp\/v2\/posts\/13248\/revisions\/13250"}],"wp:featuredmedia":[{"embeddable":true,"href":"https:\/\/www.paparazzinews.com.br\/index.php?rest_route=\/wp\/v2\/media\/13249"}],"wp:attachment":[{"href":"https:\/\/www.paparazzinews.com.br\/index.php?rest_route=%2Fwp%2Fv2%2Fmedia&parent=13248"}],"wp:term":[{"taxonomy":"category","embeddable":true,"href":"https:\/\/www.paparazzinews.com.br\/index.php?rest_route=%2Fwp%2Fv2%2Fcategories&post=13248"},{"taxonomy":"post_tag","embeddable":true,"href":"https:\/\/www.paparazzinews.com.br\/index.php?rest_route=%2Fwp%2Fv2%2Ftags&post=13248"}],"curies":[{"name":"wp","href":"https:\/\/api.w.org\/{rel}","templated":true}]}}