{"id":13245,"date":"2024-11-08T10:25:16","date_gmt":"2024-11-08T13:25:16","guid":{"rendered":"https:\/\/www.paparazzinews.com.br\/?p=13245"},"modified":"2024-11-08T10:25:17","modified_gmt":"2024-11-08T13:25:17","slug":"nomeacao-da-comissao-de-concurso-publico-em-murutinga-do-sul","status":"publish","type":"post","link":"https:\/\/www.paparazzinews.com.br\/?p=13245","title":{"rendered":"Nomea\u00e7\u00e3o da Comiss\u00e3o de Concurso P\u00fablico em Murutinga do Sul"},"content":{"rendered":"\n<p>O Prefeito Municipal de Murutinga do Sul, Cristiano Eleut\u00e9rio Soares da Silva, publicou em Di\u00e1rio Oficial a Portaria N\u00b0 0172 em 07 de novembro de 2024, que disp\u00f5e sobre a nomea\u00e7\u00e3o da Comiss\u00e3o de Concurso P\u00fablico 001\/2024. A informa\u00e7\u00e3o \u00e9 de Roni Paparazzi.<\/p>\n\n\n\n<p>A comiss\u00e3o ser\u00e1 respons\u00e1vel pela realiza\u00e7\u00e3o do concurso p\u00fablico que visa preencher os cargos p\u00fablicos do munic\u00edpio. Os membros nomeados s\u00e3o:<\/p>\n\n\n\n<ul class=\"wp-block-list\">\n<li>Presidente: Valter Canalli<\/li>\n\n\n\n<li>Secretaria: Cleide Mara C\u00e2ndida da Costa Jacomeli<\/li>\n\n\n\n<li>Membro: Paulo Cezar de Vasconcelos Aro<\/li>\n<\/ul>\n\n\n\n<p>Essa medida visa atender ao Termo de Ajuste de Conduta (TAC) celebrado entre o Munic\u00edpio de Murutinga do Sul e o Minist\u00e9rio P\u00fablico do Estado de S\u00e3o Paulo, que tem como objetivo cessar os desvios de fun\u00e7\u00e3o apurados no \u00e2mbito do Inqu\u00e9rito Civil n\u00ba. 998\/2023.<\/p>\n\n\n\n<p>A Comiss\u00e3o ser\u00e1 respons\u00e1vel pela supervis\u00e3o e acompanhamento dos trabalhos de realiza\u00e7\u00e3o do concurso p\u00fablico ap\u00f3s a sua abertura mediante Edital do Concurso P\u00fablico.<\/p>\n\n\n\n<p>A Portaria entrar\u00e1 em vigor na data de sua publica\u00e7\u00e3o, 07 de novembro de 2024.<\/p>\n\n\n\n<p><strong><em><strong><em><strong><em><strong><em><strong><em><strong><em><strong><em><strong><em><strong>Siga nossas redes sociais no\u00a0<a href=\"https:\/\/www.instagram.com\/ronipaparazzi\/\">Instagram\u00a0<\/a>e\u00a0<a href=\"https:\/\/www.facebook.com\/ronipaparazzicomvoce\">Facebook<\/a>\u00a0participe da nossa comunidade do Canal Roni Paparazzi no Whatsapp e receba as principais not\u00edcias da regi\u00e3o de Ara\u00e7atuba do dia direto no seu celular.<\/strong>\u00a0<a href=\"https:\/\/chat.whatsapp.com\/GsG1XKo0jPOEfjzudWQcml\" target=\"_blank\" rel=\"noreferrer noopener\">\u00a0Clique aqui e se inscreva.<\/a><\/em><\/strong><\/em><\/strong><\/em><\/strong><\/em><\/strong><\/em><\/strong><\/em><\/strong><\/em><\/strong><\/em><\/strong><\/p>\n","protected":false},"excerpt":{"rendered":"<p>O Prefeito Municipal de Murutinga do Sul, Cristiano Eleut\u00e9rio Soares da Silva, publicou em Di\u00e1rio Oficial a Portaria N\u00b0 0172 em 07 de novembro de 2024, que disp\u00f5e sobre a nomea\u00e7\u00e3o da Comiss\u00e3o de Concurso P\u00fablico 001\/2024. A informa\u00e7\u00e3o \u00e9 de Roni Paparazzi. A comiss\u00e3o ser\u00e1 respons\u00e1vel pela realiza\u00e7\u00e3o do concurso p\u00fablico que visa preencher &hellip;<\/p>\n","protected":false},"author":1,"featured_media":13246,"comment_status":"open","ping_status":"open","sticky":false,"template":"","format":"standard","meta":{"_jetpack_memberships_contains_paid_content":false,"footnotes":"","jetpack_publicize_message":"","jetpack_publicize_feature_enabled":true,"jetpack_social_post_already_shared":false,"jetpack_social_options":{"image_generator_settings":{"template":"highway","default_image_id":0,"enabled":false},"version":2}},"categories":[4],"tags":[],"class_list":["post-13245","post","type-post","status-publish","format-standard","has-post-thumbnail","hentry","category-regiao"],"jetpack_publicize_connections":[],"jetpack_featured_media_url":"https:\/\/i0.wp.com\/www.paparazzinews.com.br\/wp-content\/uploads\/2024\/11\/fg129260-e1731072311565.jpg?fit=1000%2C750&ssl=1","views":"1264","jetpack_likes_enabled":true,"jetpack_sharing_enabled":true,"_links":{"self":[{"href":"https:\/\/www.paparazzinews.com.br\/index.php?rest_route=\/wp\/v2\/posts\/13245","targetHints":{"allow":["GET"]}}],"collection":[{"href":"https:\/\/www.paparazzinews.com.br\/index.php?rest_route=\/wp\/v2\/posts"}],"about":[{"href":"https:\/\/www.paparazzinews.com.br\/index.php?rest_route=\/wp\/v2\/types\/post"}],"author":[{"embeddable":true,"href":"https:\/\/www.paparazzinews.com.br\/index.php?rest_route=\/wp\/v2\/users\/1"}],"replies":[{"embeddable":true,"href":"https:\/\/www.paparazzinews.com.br\/index.php?rest_route=%2Fwp%2Fv2%2Fcomments&post=13245"}],"version-history":[{"count":1,"href":"https:\/\/www.paparazzinews.com.br\/index.php?rest_route=\/wp\/v2\/posts\/13245\/revisions"}],"predecessor-version":[{"id":13247,"href":"https:\/\/www.paparazzinews.com.br\/index.php?rest_route=\/wp\/v2\/posts\/13245\/revisions\/13247"}],"wp:featuredmedia":[{"embeddable":true,"href":"https:\/\/www.paparazzinews.com.br\/index.php?rest_route=\/wp\/v2\/media\/13246"}],"wp:attachment":[{"href":"https:\/\/www.paparazzinews.com.br\/index.php?rest_route=%2Fwp%2Fv2%2Fmedia&parent=13245"}],"wp:term":[{"taxonomy":"category","embeddable":true,"href":"https:\/\/www.paparazzinews.com.br\/index.php?rest_route=%2Fwp%2Fv2%2Fcategories&post=13245"},{"taxonomy":"post_tag","embeddable":true,"href":"https:\/\/www.paparazzinews.com.br\/index.php?rest_route=%2Fwp%2Fv2%2Ftags&post=13245"}],"curies":[{"name":"wp","href":"https:\/\/api.w.org\/{rel}","templated":true}]}}