{"id":13204,"date":"2024-11-07T13:46:53","date_gmt":"2024-11-07T16:46:53","guid":{"rendered":"https:\/\/www.paparazzinews.com.br\/?p=13204"},"modified":"2024-11-07T13:46:54","modified_gmt":"2024-11-07T16:46:54","slug":"governo-de-sao-paulo-forma-305-novos-delegados-de-policia","status":"publish","type":"post","link":"https:\/\/www.paparazzinews.com.br\/?p=13204","title":{"rendered":"Governo de S\u00e3o Paulo Forma 305 Novos Delegados de Pol\u00edcia"},"content":{"rendered":"\n<p>Nesta quinta-feira (7), o governo do estado de S\u00e3o Paulo realizou uma cerim\u00f4nia hist\u00f3rica no Pal\u00e1cio dos Bandeirantes, onde 305 novos delegados de pol\u00edcia foram formados. Essa \u00e9 uma das maiores turmas da carreira da hist\u00f3ria do estado. A informa\u00e7\u00e3o \u00e9 de Roni Paparazzi.<\/p>\n\n\n\n<p>O governador, Tarc\u00edsio de Freitas, ressaltou a import\u00e2ncia da seguran\u00e7a p\u00fablica para o progresso do estado. &#8220;N\u00f3s precisamos da seguran\u00e7a p\u00fablica porque n\u00e3o tem progresso sem ordem. E voc\u00eas, delegados, v\u00e3o garantir a grandeza de nosso estado&#8221;, disse.<\/p>\n\n\n\n<p>Com essa nova turma, o d\u00e9ficit no cargo de delegado reduzir\u00e1 de 30% para 20%. Os novos policiais v\u00e3o recompor o efetivo nas delegacias de todo o estado a partir da pr\u00f3xima semana.<\/p>\n\n\n\n<p>A forma\u00e7\u00e3o desses delegados incluiu um curso de seis meses na Academia de Pol\u00edcia (Acadepol), com foco em direitos humanos, inqu\u00e9rito policial e investiga\u00e7\u00e3o, armamento e tiro, conduta, defesa pessoal e gest\u00e3o p\u00fablica.<\/p>\n\n\n\n<p>Essa \u00e9 a primeira vez que os policiais recebem o t\u00edtulo de especialistas em direitos humanos. A diretora da Acadepol, M\u00e1rcia Helo\u00edsa Mendon\u00e7a Ruiz, afirmou que os novos delegados est\u00e3o prontos para fazer a diferen\u00e7a na Pol\u00edcia Civil e na vida dos cidad\u00e3os.<\/p>\n\n\n\n<p>O secret\u00e1rio da Seguran\u00e7a P\u00fablica, Guilherme Derrite, destacou que essa nova turma representa um novo ciclo para a Pol\u00edcia Civil do Estado de S\u00e3o Paulo.<\/p>\n\n\n\n<p>Al\u00e9m disso, o governo de S\u00e3o Paulo realizou a maior nomea\u00e7\u00e3o da hist\u00f3ria da Pol\u00edcia Civil este ano, com mais de 4 mil aprovados para as carreiras de delegados, escriv\u00e3es, investigadores e m\u00e9dico-legistas.<\/p>\n\n\n\n<p><strong><em><strong><em><strong><em><strong><em><strong><em><strong><em><strong><em><strong><em><strong>Siga nossas redes sociais no\u00a0<a href=\"https:\/\/www.instagram.com\/ronipaparazzi\/\">Instagram\u00a0<\/a>e\u00a0<a href=\"https:\/\/www.facebook.com\/ronipaparazzicomvoce\">Facebook<\/a>\u00a0participe da nossa comunidade do Canal Roni Paparazzi no Whatsapp e receba as principais not\u00edcias da regi\u00e3o de Ara\u00e7atuba do dia direto no seu celular.<\/strong>\u00a0<a href=\"https:\/\/chat.whatsapp.com\/GsG1XKo0jPOEfjzudWQcml\" target=\"_blank\" rel=\"noreferrer noopener\">\u00a0Clique aqui e se inscreva.<\/a><\/em><\/strong><\/em><\/strong><\/em><\/strong><\/em><\/strong><\/em><\/strong><\/em><\/strong><\/em><\/strong><\/em><\/strong><\/p>\n","protected":false},"excerpt":{"rendered":"<p>Nesta quinta-feira (7), o governo do estado de S\u00e3o Paulo realizou uma cerim\u00f4nia hist\u00f3rica no Pal\u00e1cio dos Bandeirantes, onde 305 novos delegados de pol\u00edcia foram formados. Essa \u00e9 uma das maiores turmas da carreira da hist\u00f3ria do estado. A informa\u00e7\u00e3o \u00e9 de Roni Paparazzi. O governador, Tarc\u00edsio de Freitas, ressaltou a import\u00e2ncia da seguran\u00e7a p\u00fablica &hellip;<\/p>\n","protected":false},"author":1,"featured_media":13205,"comment_status":"open","ping_status":"open","sticky":false,"template":"","format":"standard","meta":{"_jetpack_memberships_contains_paid_content":false,"footnotes":"","jetpack_publicize_message":"","jetpack_publicize_feature_enabled":true,"jetpack_social_post_already_shared":false,"jetpack_social_options":{"image_generator_settings":{"template":"highway","default_image_id":0,"enabled":false},"version":2}},"categories":[3],"tags":[],"class_list":["post-13204","post","type-post","status-publish","format-standard","has-post-thumbnail","hentry","category-policial"],"jetpack_publicize_connections":[],"jetpack_featured_media_url":"https:\/\/i0.wp.com\/www.paparazzinews.com.br\/wp-content\/uploads\/2024\/11\/00057088.jpg?fit=800%2C533&ssl=1","views":"1257","jetpack_likes_enabled":true,"jetpack_sharing_enabled":true,"_links":{"self":[{"href":"https:\/\/www.paparazzinews.com.br\/index.php?rest_route=\/wp\/v2\/posts\/13204","targetHints":{"allow":["GET"]}}],"collection":[{"href":"https:\/\/www.paparazzinews.com.br\/index.php?rest_route=\/wp\/v2\/posts"}],"about":[{"href":"https:\/\/www.paparazzinews.com.br\/index.php?rest_route=\/wp\/v2\/types\/post"}],"author":[{"embeddable":true,"href":"https:\/\/www.paparazzinews.com.br\/index.php?rest_route=\/wp\/v2\/users\/1"}],"replies":[{"embeddable":true,"href":"https:\/\/www.paparazzinews.com.br\/index.php?rest_route=%2Fwp%2Fv2%2Fcomments&post=13204"}],"version-history":[{"count":1,"href":"https:\/\/www.paparazzinews.com.br\/index.php?rest_route=\/wp\/v2\/posts\/13204\/revisions"}],"predecessor-version":[{"id":13206,"href":"https:\/\/www.paparazzinews.com.br\/index.php?rest_route=\/wp\/v2\/posts\/13204\/revisions\/13206"}],"wp:featuredmedia":[{"embeddable":true,"href":"https:\/\/www.paparazzinews.com.br\/index.php?rest_route=\/wp\/v2\/media\/13205"}],"wp:attachment":[{"href":"https:\/\/www.paparazzinews.com.br\/index.php?rest_route=%2Fwp%2Fv2%2Fmedia&parent=13204"}],"wp:term":[{"taxonomy":"category","embeddable":true,"href":"https:\/\/www.paparazzinews.com.br\/index.php?rest_route=%2Fwp%2Fv2%2Fcategories&post=13204"},{"taxonomy":"post_tag","embeddable":true,"href":"https:\/\/www.paparazzinews.com.br\/index.php?rest_route=%2Fwp%2Fv2%2Ftags&post=13204"}],"curies":[{"name":"wp","href":"https:\/\/api.w.org\/{rel}","templated":true}]}}