{"id":1319,"date":"2022-11-30T13:35:17","date_gmt":"2022-11-30T16:35:17","guid":{"rendered":"https:\/\/www.paparazzinews.com.br\/?p=1319"},"modified":"2022-11-30T13:35:18","modified_gmt":"2022-11-30T16:35:18","slug":"boaventura-cumpre-promessa-de-campanha-base-dos-bombeiros-e-inaugurada","status":"publish","type":"post","link":"https:\/\/www.paparazzinews.com.br\/?p=1319","title":{"rendered":"Boaventura cumpre promessa de campanha, Base dos Bombeiros \u00e9 inaugurada"},"content":{"rendered":"\n<p>Um dia para ficar marcado na hist\u00f3ria de Castilho. Na manh\u00e3 desta ter\u00e7a-feira,29 de novembro, o prefeito Paulo Duarte Boaventura descerrou a placa de inaugura\u00e7\u00e3o da Base Comunit\u00e1ria do Corpo de Bombeiros. O que era apenas sonho para a maioria dos castilhenses, agora \u00e9 realidade.<\/p>\n\n\n\n<p>\u201cLogo no primeiro dia que tomei posse, no dia 1\u00aa de janeiro de 2021, fomos surpreendidos por uma casa em chamas naquela madrugada. Ali j\u00e1 percebi a nossa grande necessidade em ter uma equipe do Bombeiro mais pr\u00f3xima da gente. Nossa Brigada Municipal estava com situa\u00e7\u00e3o prec\u00e1ria e desde ent\u00e3o batalhei para que hoje pud\u00e9ssemos estar aqui inaugurando esta base\u201d, destacou o prefeito em sua fala.<\/p>\n\n\n\n<p>A grande extens\u00e3o territorial de Castilho &#8211; uma das maiores da regi\u00e3o noroeste, bem como seus 13 assentamentos rurais foram outros motivos que Paulo Boaventura alegou para reivindicar junto ao Governo do Estado essa parceria.<\/p>\n\n\n\n<p>Para o prefeito, ter uma Base do Corpo de Bombeiro em Castilho traz mais seguran\u00e7a aos castilhenses e vai encurtar ainda mais o tempo de deslocamento at\u00e9 a ocorr\u00eancia. \u201cS\u00e3o mais vidas sendo salvas em menor espa\u00e7o de tempo poss\u00edvel\u201d, deduz o prefeito.<\/p>\n\n\n\n<p>Neste conv\u00eanio a prefeitura cedeu o pr\u00e9dio para instala\u00e7\u00e3o da Base e dar\u00e1 todo suporte de manuten\u00e7\u00e3o aos ve\u00edculos. O Governo do Estado destinou viaturas e um Policial Bombeiro, no caso o cabo Rufino, que ficar\u00e1 respons\u00e1vel junto a equipe de 10 brigadistas municipais.<\/p>\n\n\n\n<p>O ato solene teve a participa\u00e7\u00e3o de comandantes de diversos grupamentos de Bombeiros do Estado de S\u00e3o Paulo, como o Tenente Coronel Nilton Cesar Pereira, comandante do Interior 2 (Bauru), Tenente Coronel Willian Martins Vitorino (14\u00ba Grupamento de Bombeiros-Presidente Prudente), Tenente Coronel Edmilson Santana Branco (13\u00ba Grupamento Bombeiros- S\u00e3o Jos\u00e9 Rio Preto), Tenente Coronel Marcelo Alves dos Santos (10\u00ba Grupamento Bombeiros- Mar\u00edlia), Major PM Orival Santana J\u00fanior, comandante interino 20\u00ba Grupamento &#8211; Ara\u00e7atuba, capit\u00e3o PM Valdomiro (comandante 1\u00aa CIA do 28 BPM\/I Andradina), sargento Anderson Estigarr\u00edbia (comandante do Pelot\u00e3o de Castilho), entre outros.<br>O presidente da C\u00e2mara, Ailton Pereira, tamb\u00e9m esteve presente com os vereadores Chic\u00e3o, Itamar, Albecyr e Sam Borges. A BAMAC (Banda Marcial de Castilho), foi convidada para se apresentar ao t\u00e9rmino da inaugura\u00e7\u00e3o.<\/p>\n","protected":false},"excerpt":{"rendered":"<p>Um dia para ficar marcado na hist\u00f3ria de Castilho. Na manh\u00e3 desta ter\u00e7a-feira,29 de novembro, o prefeito Paulo Duarte Boaventura descerrou a placa de inaugura\u00e7\u00e3o da Base Comunit\u00e1ria do Corpo de Bombeiros. O que era apenas sonho para a maioria dos castilhenses, agora \u00e9 realidade. \u201cLogo no primeiro dia que tomei posse, no dia 1\u00aa &hellip;<\/p>\n","protected":false},"author":1,"featured_media":1320,"comment_status":"open","ping_status":"open","sticky":false,"template":"","format":"standard","meta":{"_jetpack_memberships_contains_paid_content":false,"footnotes":"","jetpack_publicize_message":"","jetpack_publicize_feature_enabled":true,"jetpack_social_post_already_shared":false,"jetpack_social_options":{"image_generator_settings":{"template":"highway","default_image_id":0,"enabled":false},"version":2}},"categories":[4],"tags":[],"class_list":["post-1319","post","type-post","status-publish","format-standard","has-post-thumbnail","hentry","category-regiao"],"jetpack_publicize_connections":[],"jetpack_featured_media_url":"https:\/\/i0.wp.com\/www.paparazzinews.com.br\/wp-content\/uploads\/2022\/11\/91c632a7-5f37-45bc-a9cc-93625131320b-e1669826016817.jpg?fit=1000%2C450&ssl=1","views":"3674","jetpack_likes_enabled":true,"jetpack_sharing_enabled":true,"_links":{"self":[{"href":"https:\/\/www.paparazzinews.com.br\/index.php?rest_route=\/wp\/v2\/posts\/1319","targetHints":{"allow":["GET"]}}],"collection":[{"href":"https:\/\/www.paparazzinews.com.br\/index.php?rest_route=\/wp\/v2\/posts"}],"about":[{"href":"https:\/\/www.paparazzinews.com.br\/index.php?rest_route=\/wp\/v2\/types\/post"}],"author":[{"embeddable":true,"href":"https:\/\/www.paparazzinews.com.br\/index.php?rest_route=\/wp\/v2\/users\/1"}],"replies":[{"embeddable":true,"href":"https:\/\/www.paparazzinews.com.br\/index.php?rest_route=%2Fwp%2Fv2%2Fcomments&post=1319"}],"version-history":[{"count":1,"href":"https:\/\/www.paparazzinews.com.br\/index.php?rest_route=\/wp\/v2\/posts\/1319\/revisions"}],"predecessor-version":[{"id":1321,"href":"https:\/\/www.paparazzinews.com.br\/index.php?rest_route=\/wp\/v2\/posts\/1319\/revisions\/1321"}],"wp:featuredmedia":[{"embeddable":true,"href":"https:\/\/www.paparazzinews.com.br\/index.php?rest_route=\/wp\/v2\/media\/1320"}],"wp:attachment":[{"href":"https:\/\/www.paparazzinews.com.br\/index.php?rest_route=%2Fwp%2Fv2%2Fmedia&parent=1319"}],"wp:term":[{"taxonomy":"category","embeddable":true,"href":"https:\/\/www.paparazzinews.com.br\/index.php?rest_route=%2Fwp%2Fv2%2Fcategories&post=1319"},{"taxonomy":"post_tag","embeddable":true,"href":"https:\/\/www.paparazzinews.com.br\/index.php?rest_route=%2Fwp%2Fv2%2Ftags&post=1319"}],"curies":[{"name":"wp","href":"https:\/\/api.w.org\/{rel}","templated":true}]}}