{"id":13166,"date":"2024-11-07T12:25:51","date_gmt":"2024-11-07T15:25:51","guid":{"rendered":"https:\/\/www.paparazzinews.com.br\/?p=13166"},"modified":"2024-11-07T12:25:52","modified_gmt":"2024-11-07T15:25:52","slug":"festa-das-nacoes-em-andradina-uma-celebracao-da-diversidade-cultural","status":"publish","type":"post","link":"https:\/\/www.paparazzinews.com.br\/?p=13166","title":{"rendered":"Festa das Na\u00e7\u00f5es em Andradina: Uma Celebra\u00e7\u00e3o da Diversidade Cultural"},"content":{"rendered":"\n<p>No pr\u00f3ximo s\u00e1bado, dia 9 de novembro, \u00e0s 19h, o Centro Cultural Pioneiros em Andradina receber\u00e1 a Festa das Na\u00e7\u00f5es, um evento que promete ser uma verdadeira celebra\u00e7\u00e3o da diversidade cultural. A informa\u00e7\u00e3o \u00e9 de Roni Paparazzi.<\/p>\n\n\n\n<p>Organizado pelo Rotary Integra\u00e7\u00e3o de Andradina, com apoio do Governo de Andradina, o evento contar\u00e1 com apresenta\u00e7\u00f5es musicais e dan\u00e7antes do projeto Artetude e da renomada Facmol, conhecida por suas interpreta\u00e7\u00f5es inovadoras e coreografias din\u00e2micas.<\/p>\n\n\n\n<p><strong>Principais Atra\u00e7\u00f5es:<\/strong><\/p>\n\n\n\n<ul class=\"wp-block-list\">\n<li>Apresenta\u00e7\u00e3o da Facmol, com repert\u00f3rio diversificado de m\u00fasica caipira, sertaneja, nacional e internacional<\/li>\n\n\n\n<li>Performance dos instrumentistas em passos coreogr\u00e1ficos inspirados na banda marcial e catira paulista<\/li>\n\n\n\n<li>Shows de Mel Rocca, Marco T\u00falio e Luciano<\/li>\n\n\n\n<li>Barracas t\u00edpicas com pratos aut\u00eanticos de diferentes na\u00e7\u00f5es<\/li>\n\n\n\n<li>Exposi\u00e7\u00e3o de produtos artesanais locais<\/li>\n<\/ul>\n\n\n\n<p><strong>Sobre a Facmol:<\/strong><\/p>\n\n\n\n<p>Com 32 anos de trajet\u00f3ria e mais de 180 pr\u00eamios, a Facmol \u00e9 fruto do projeto de musicaliza\u00e7\u00e3o desenvolvido no Centro Sociocultural Facmol, em parceria com a Prefeitura Municipal de Pereira Barreto.<\/p>\n\n\n\n<p><strong>Detalhes do Evento:<\/strong><\/p>\n\n\n\n<ul class=\"wp-block-list\">\n<li>Data: 9 de novembro<\/li>\n\n\n\n<li>Hor\u00e1rio: 19h<\/li>\n\n\n\n<li>Local: Centro Cultural Pioneiros, Andradina<\/li>\n\n\n\n<li>Patrocinadores: Proen\u00e7a Supermercados e Usina Santa Ad\u00e9lia<\/li>\n\n\n\n<li>Realiza\u00e7\u00e3o: Rotary Integra\u00e7\u00e3o de Andradina e Governo de Andradina<\/li>\n<\/ul>\n\n\n\n<p>N\u00e3o perca essa oportunidade de vivenciar a riqueza cultural de nossas comunidades!<\/p>\n\n\n\n<p><strong><em><strong><em><strong><em><strong><em><strong><em><strong><em><strong><em><strong><em><strong>Siga nossas redes sociais no\u00a0<a href=\"https:\/\/www.instagram.com\/ronipaparazzi\/\">Instagram\u00a0<\/a>e\u00a0<a href=\"https:\/\/www.facebook.com\/ronipaparazzicomvoce\">Facebook<\/a>\u00a0participe da nossa comunidade do Canal Roni Paparazzi no Whatsapp e receba as principais not\u00edcias da regi\u00e3o de Ara\u00e7atuba do dia direto no seu celular.<\/strong>\u00a0<a href=\"https:\/\/chat.whatsapp.com\/GsG1XKo0jPOEfjzudWQcml\" target=\"_blank\" rel=\"noreferrer noopener\">\u00a0Clique aqui e se inscreva.<\/a><\/em><\/strong><\/em><\/strong><\/em><\/strong><\/em><\/strong><\/em><\/strong><\/em><\/strong><\/em><\/strong><\/em><\/strong><\/p>\n","protected":false},"excerpt":{"rendered":"<p>No pr\u00f3ximo s\u00e1bado, dia 9 de novembro, \u00e0s 19h, o Centro Cultural Pioneiros em Andradina receber\u00e1 a Festa das Na\u00e7\u00f5es, um evento que promete ser uma verdadeira celebra\u00e7\u00e3o da diversidade cultural. A informa\u00e7\u00e3o \u00e9 de Roni Paparazzi. Organizado pelo Rotary Integra\u00e7\u00e3o de Andradina, com apoio do Governo de Andradina, o evento contar\u00e1 com apresenta\u00e7\u00f5es musicais &hellip;<\/p>\n","protected":false},"author":1,"featured_media":13167,"comment_status":"open","ping_status":"open","sticky":false,"template":"","format":"standard","meta":{"_jetpack_memberships_contains_paid_content":false,"footnotes":"","jetpack_publicize_message":"","jetpack_publicize_feature_enabled":true,"jetpack_social_post_already_shared":false,"jetpack_social_options":{"image_generator_settings":{"template":"highway","default_image_id":0,"enabled":false},"version":2}},"categories":[6],"tags":[],"class_list":["post-13166","post","type-post","status-publish","format-standard","has-post-thumbnail","hentry","category-entretenimento"],"jetpack_publicize_connections":[],"jetpack_featured_media_url":"https:\/\/i0.wp.com\/www.paparazzinews.com.br\/wp-content\/uploads\/2024\/11\/a83a13e3ffc5c2e704ea37b288b773af.jpg?fit=800%2C533&ssl=1","views":"1234","jetpack_likes_enabled":true,"jetpack_sharing_enabled":true,"_links":{"self":[{"href":"https:\/\/www.paparazzinews.com.br\/index.php?rest_route=\/wp\/v2\/posts\/13166","targetHints":{"allow":["GET"]}}],"collection":[{"href":"https:\/\/www.paparazzinews.com.br\/index.php?rest_route=\/wp\/v2\/posts"}],"about":[{"href":"https:\/\/www.paparazzinews.com.br\/index.php?rest_route=\/wp\/v2\/types\/post"}],"author":[{"embeddable":true,"href":"https:\/\/www.paparazzinews.com.br\/index.php?rest_route=\/wp\/v2\/users\/1"}],"replies":[{"embeddable":true,"href":"https:\/\/www.paparazzinews.com.br\/index.php?rest_route=%2Fwp%2Fv2%2Fcomments&post=13166"}],"version-history":[{"count":1,"href":"https:\/\/www.paparazzinews.com.br\/index.php?rest_route=\/wp\/v2\/posts\/13166\/revisions"}],"predecessor-version":[{"id":13168,"href":"https:\/\/www.paparazzinews.com.br\/index.php?rest_route=\/wp\/v2\/posts\/13166\/revisions\/13168"}],"wp:featuredmedia":[{"embeddable":true,"href":"https:\/\/www.paparazzinews.com.br\/index.php?rest_route=\/wp\/v2\/media\/13167"}],"wp:attachment":[{"href":"https:\/\/www.paparazzinews.com.br\/index.php?rest_route=%2Fwp%2Fv2%2Fmedia&parent=13166"}],"wp:term":[{"taxonomy":"category","embeddable":true,"href":"https:\/\/www.paparazzinews.com.br\/index.php?rest_route=%2Fwp%2Fv2%2Fcategories&post=13166"},{"taxonomy":"post_tag","embeddable":true,"href":"https:\/\/www.paparazzinews.com.br\/index.php?rest_route=%2Fwp%2Fv2%2Ftags&post=13166"}],"curies":[{"name":"wp","href":"https:\/\/api.w.org\/{rel}","templated":true}]}}