{"id":13163,"date":"2024-11-07T12:23:53","date_gmt":"2024-11-07T15:23:53","guid":{"rendered":"https:\/\/www.paparazzinews.com.br\/?p=13163"},"modified":"2024-11-07T12:23:54","modified_gmt":"2024-11-07T15:23:54","slug":"bazar-do-fundo-social-de-andradina-uma-oportunidade-para-comprar-com-proposito","status":"publish","type":"post","link":"https:\/\/www.paparazzinews.com.br\/?p=13163","title":{"rendered":"Bazar do Fundo Social de Andradina: Uma oportunidade para comprar com prop\u00f3sito"},"content":{"rendered":"\n<p>O Bazar do Fundo Social de Andradina come\u00e7ou hoje e vai at\u00e9 amanh\u00e3, 8 de novembro, no Centro Cultural de Andradina, das 8h \u00e0s 18h30. A secret\u00e1ria de Promo\u00e7\u00e3o e Assist\u00eancia Social, Silvana Silva, estendeu o hor\u00e1rio para beneficiar os trabalhadores que agora t\u00eam a oportunidade de aproveitar as ofertas de roupas, cal\u00e7ados e acess\u00f3rios masculinos e femininos por pre\u00e7os acess\u00edveis, entre R$ 10 e R$ 80. A informa\u00e7\u00e3o \u00e9 de Roni Paparazzi.<\/p>\n\n\n\n<p>A venda desses itens visa arrecadar fundos para continuar apoiando pessoas em situa\u00e7\u00e3o de vulnerabilidade e implantar novos projetos. \u00c9 uma excelente oportunidade para encontrar \u00f3timas pe\u00e7as a pre\u00e7os incr\u00edveis e, ao mesmo tempo, contribuir para uma causa nobre.<\/p>\n\n\n\n<p><strong>Detalhes do Evento:<\/strong><\/p>\n\n\n\n<ul class=\"wp-block-list\">\n<li>Data: 7 e 8 de novembro<\/li>\n\n\n\n<li>Local: Centro Cultural de Andradina<\/li>\n\n\n\n<li>Hor\u00e1rio: 8h \u00e0s 18h30<\/li>\n\n\n\n<li>Pre\u00e7os: R$ 10 a R$ 80<\/li>\n<\/ul>\n\n\n\n<p>N\u00e3o perca essa chance de fazer uma compra consciente e beneficiar a comunidade!<\/p>\n\n\n\n<p><strong><em><strong><em><strong><em><strong><em><strong><em><strong><em><strong><em><strong><em><strong>Siga nossas redes sociais no\u00a0<a href=\"https:\/\/www.instagram.com\/ronipaparazzi\/\">Instagram\u00a0<\/a>e\u00a0<a href=\"https:\/\/www.facebook.com\/ronipaparazzicomvoce\">Facebook<\/a>\u00a0participe da nossa comunidade do Canal Roni Paparazzi no Whatsapp e receba as principais not\u00edcias da regi\u00e3o de Ara\u00e7atuba do dia direto no seu celular.<\/strong>\u00a0<a href=\"https:\/\/chat.whatsapp.com\/GsG1XKo0jPOEfjzudWQcml\" target=\"_blank\" rel=\"noreferrer noopener\">\u00a0Clique aqui e se inscreva.<\/a><\/em><\/strong><\/em><\/strong><\/em><\/strong><\/em><\/strong><\/em><\/strong><\/em><\/strong><\/em><\/strong><\/em><\/strong><\/p>\n","protected":false},"excerpt":{"rendered":"<p>O Bazar do Fundo Social de Andradina come\u00e7ou hoje e vai at\u00e9 amanh\u00e3, 8 de novembro, no Centro Cultural de Andradina, das 8h \u00e0s 18h30. A secret\u00e1ria de Promo\u00e7\u00e3o e Assist\u00eancia Social, Silvana Silva, estendeu o hor\u00e1rio para beneficiar os trabalhadores que agora t\u00eam a oportunidade de aproveitar as ofertas de roupas, cal\u00e7ados e acess\u00f3rios &hellip;<\/p>\n","protected":false},"author":1,"featured_media":13164,"comment_status":"open","ping_status":"open","sticky":false,"template":"","format":"standard","meta":{"_jetpack_memberships_contains_paid_content":false,"footnotes":"","jetpack_publicize_message":"","jetpack_publicize_feature_enabled":true,"jetpack_social_post_already_shared":false,"jetpack_social_options":{"image_generator_settings":{"template":"highway","default_image_id":0,"enabled":false},"version":2}},"categories":[4],"tags":[],"class_list":["post-13163","post","type-post","status-publish","format-standard","has-post-thumbnail","hentry","category-regiao"],"jetpack_publicize_connections":[],"jetpack_featured_media_url":"https:\/\/i0.wp.com\/www.paparazzinews.com.br\/wp-content\/uploads\/2024\/11\/07eb48675f1fad0968ff736ec997df14.jpg?fit=800%2C533&ssl=1","views":"1229","jetpack_likes_enabled":true,"jetpack_sharing_enabled":true,"_links":{"self":[{"href":"https:\/\/www.paparazzinews.com.br\/index.php?rest_route=\/wp\/v2\/posts\/13163","targetHints":{"allow":["GET"]}}],"collection":[{"href":"https:\/\/www.paparazzinews.com.br\/index.php?rest_route=\/wp\/v2\/posts"}],"about":[{"href":"https:\/\/www.paparazzinews.com.br\/index.php?rest_route=\/wp\/v2\/types\/post"}],"author":[{"embeddable":true,"href":"https:\/\/www.paparazzinews.com.br\/index.php?rest_route=\/wp\/v2\/users\/1"}],"replies":[{"embeddable":true,"href":"https:\/\/www.paparazzinews.com.br\/index.php?rest_route=%2Fwp%2Fv2%2Fcomments&post=13163"}],"version-history":[{"count":1,"href":"https:\/\/www.paparazzinews.com.br\/index.php?rest_route=\/wp\/v2\/posts\/13163\/revisions"}],"predecessor-version":[{"id":13165,"href":"https:\/\/www.paparazzinews.com.br\/index.php?rest_route=\/wp\/v2\/posts\/13163\/revisions\/13165"}],"wp:featuredmedia":[{"embeddable":true,"href":"https:\/\/www.paparazzinews.com.br\/index.php?rest_route=\/wp\/v2\/media\/13164"}],"wp:attachment":[{"href":"https:\/\/www.paparazzinews.com.br\/index.php?rest_route=%2Fwp%2Fv2%2Fmedia&parent=13163"}],"wp:term":[{"taxonomy":"category","embeddable":true,"href":"https:\/\/www.paparazzinews.com.br\/index.php?rest_route=%2Fwp%2Fv2%2Fcategories&post=13163"},{"taxonomy":"post_tag","embeddable":true,"href":"https:\/\/www.paparazzinews.com.br\/index.php?rest_route=%2Fwp%2Fv2%2Ftags&post=13163"}],"curies":[{"name":"wp","href":"https:\/\/api.w.org\/{rel}","templated":true}]}}