{"id":13152,"date":"2024-11-07T11:55:55","date_gmt":"2024-11-07T14:55:55","guid":{"rendered":"https:\/\/www.paparazzinews.com.br\/?p=13152"},"modified":"2024-11-07T11:55:56","modified_gmt":"2024-11-07T14:55:56","slug":"ciec-de-castilho-recebe-teatro-e-oficina-do-projeto-uma-viagem-ao-metaverso","status":"publish","type":"post","link":"https:\/\/www.paparazzinews.com.br\/?p=13152","title":{"rendered":"CIEC de Castilho recebe Teatro e Oficina do projeto \u201cUma Viagem ao Metaverso\u201d"},"content":{"rendered":"\n<p>Mais uma vez, os estudantes da rede municipal de ensino de Castilho foram contemplados por um dos muitos programas de a\u00e7\u00e3o cultural desenvolvidos pelo Governo de S\u00e3o Paulo, atrav\u00e9s da Secretaria de Cultura, Economia e Ind\u00fastria Criativas e Com\u00e9rcio. Nesta ter\u00e7a-feira (05), cerca de 200 pequeninos dos 4\u00ba anos das escolas urbanas e rurais do Munic\u00edpio, visitaram o CIEC para participar de \u201cUma Viagem ao Metaverso\u201d. <\/p>\n\n\n\n<p>Este \u00e9 o nome de um projeto revolucion\u00e1rio que proporciona dose dupla de Cultura e Tecnologia traduzidas em um espet\u00e1culo teatral e uma oficina de realidade virtual. A programa\u00e7\u00e3o incluiu um revesamento entre os estudantes: enquanto metade deles assistiam a pe\u00e7a \u201cA Cria\u00e7\u00e3o da Cidade Iluminada\u201d que tem aproximadamente 45 minutos de dura\u00e7\u00e3o, a outra metade participava da oficina de realidade virtual em uma outra sala. Al\u00e9m destes dois ambientes, a secret\u00e1ria Silv\u00e2nia Cintra, reservou uma terceira sala onde os alunos que aguardavam sua vez de participar das outras atividades, tiveram a oportunidade de conhecer os trabalhos de inicia\u00e7\u00e3o musical conduzidos no CIEC pelo Maestro Adriano Rog\u00e9rio Sanches e, de dan\u00e7a, pela professora Denizy Barsante.<\/p>\n\n\n\n<p>\u201cUma Viagem ao Metaverso\u201d foi desenvolvido atrav\u00e9s do Programa de A\u00e7\u00e3o Cultural (ProAC), mantido pela Secretaria de Cultura, Economia e Ind\u00fastria Criativas e Com\u00e9rcio. Trata-se de uma realiza\u00e7\u00e3o da MR2 Cultural, com apoio da Think Projetos e patroc\u00ednio da Comerc Energia, empresa esta que \u00e9 grande parceira da Prefeitura de Castilho em v\u00e1rias a\u00e7\u00f5es educativas e socioculturais.<\/p>\n\n\n\n<p>\u201cAcreditamos que a educa\u00e7\u00e3o seja capaz de mudar realidades e, por isso, investir em um projeto que democratiza o desenvolvimento de softwares e impulsiona a inova\u00e7\u00e3o no mercado de energia com agilidade, \u00e9 essencial para promover um futuro mais inclusivo e sustent\u00e1vel, em que a tecnologia contribui em desafios sociais e cria oportunidades para todos\u201d, afirma Thatiana Faria, gerente de Comunica\u00e7\u00e3o Corporativa e Responsabilidade Social da Comerc Energia.<\/p>\n\n\n\n<p><strong>SOBRE O ESPET\u00c1CULO<br><\/strong>A pe\u00e7a \u201cA Cria\u00e7\u00e3o da Cidade Iluminada\u201d, conta a hist\u00f3ria de tr\u00eas personagens do Metaverso que vivem uma saga grandiosa enquanto aprendem, passo a passo, como criar uma cidade. A cidade da fic\u00e7\u00e3o se relaciona com o mundo real e as hero\u00ednas descobrem a import\u00e2ncia da eletricidade e da produ\u00e7\u00e3o de energia limpa para garantir o futuro do planeta. No desenrolar da trama, Luana Luminosa, Ana Arco-\u00edris e Sofia Sussurro precisam enfrentar o \u201cMonstro que rouba energia\u201d e iniciam uma s\u00e9rie de questionamentos com os estudantes: Como ficaria a Terra sem energia el\u00e9trica? Como podemos contribuir para um futuro melhor para todos? Essas e outras perguntas s\u00e3o respondidas em uma aventura surpreendente.<\/p>\n\n\n\n<p><strong>SOBRE A COMERC ENERGIA<br><\/strong>A Comerc Energia \u00e9 a mais completa plataforma de solu\u00e7\u00f5es renov\u00e1veis em energia e descarboniza\u00e7\u00e3o do Brasil. Com mais de 20 anos de atua\u00e7\u00e3o e um portf\u00f3lio sob gest\u00e3o composto por cerca de 4,7 mil unidades de consumo, o grupo \u00e9 l\u00edder de market share na gest\u00e3o no mercado livre de energia com 17% dos consumidores, e em 2023, registrou receita operacional l\u00edquida de R$ 4,5 bilh\u00f5es.<\/p>\n\n\n\n<p>A estrutura da Comerc Energia \u00e9 ancorada em quatro verticais de neg\u00f3cios que re\u00fanem em seu portf\u00f3lio gera\u00e7\u00e3o renov\u00e1vel centralizada, gera\u00e7\u00e3o distribu\u00edda, comercializa\u00e7\u00e3o de energia, efici\u00eancia energ\u00e9tica, medi\u00e7\u00e3o setorizada e gest\u00e3o de consumidores no mercado livre, que tornam o caminho para a descarboniza\u00e7\u00e3o das empresas brasileiras mais concreto, assertivo e poss\u00edvel de ser alcan\u00e7ado.<\/p>\n\n\n\n<p><strong><em><strong><em><strong><em><strong><em><strong><em><strong><em><strong><em><strong><em><strong>Siga nossas redes sociais no\u00a0<a href=\"https:\/\/www.instagram.com\/ronipaparazzi\/\">Instagram\u00a0<\/a>e\u00a0<a href=\"https:\/\/www.facebook.com\/ronipaparazzicomvoce\">Facebook<\/a>\u00a0participe da nossa comunidade do Canal Roni Paparazzi no Whatsapp e receba as principais not\u00edcias da regi\u00e3o de Ara\u00e7atuba do dia direto no seu celular.<\/strong>\u00a0<a href=\"https:\/\/chat.whatsapp.com\/GsG1XKo0jPOEfjzudWQcml\" target=\"_blank\" rel=\"noreferrer noopener\">\u00a0Clique aqui e se inscreva.<\/a><\/em><\/strong><\/em><\/strong><\/em><\/strong><\/em><\/strong><\/em><\/strong><\/em><\/strong><\/em><\/strong><\/em><\/strong><\/p>\n","protected":false},"excerpt":{"rendered":"<p>Mais uma vez, os estudantes da rede municipal de ensino de Castilho foram contemplados por um dos muitos programas de a\u00e7\u00e3o cultural desenvolvidos pelo Governo de S\u00e3o Paulo, atrav\u00e9s da Secretaria de Cultura, Economia e Ind\u00fastria Criativas e Com\u00e9rcio. Nesta ter\u00e7a-feira (05), cerca de 200 pequeninos dos 4\u00ba anos das escolas urbanas e rurais do &hellip;<\/p>\n","protected":false},"author":1,"featured_media":13154,"comment_status":"open","ping_status":"open","sticky":false,"template":"","format":"standard","meta":{"_jetpack_memberships_contains_paid_content":false,"footnotes":"","jetpack_publicize_message":"","jetpack_publicize_feature_enabled":true,"jetpack_social_post_already_shared":false,"jetpack_social_options":{"image_generator_settings":{"template":"highway","default_image_id":0,"enabled":false},"version":2}},"categories":[6],"tags":[],"class_list":["post-13152","post","type-post","status-publish","format-standard","has-post-thumbnail","hentry","category-entretenimento"],"jetpack_publicize_connections":[],"jetpack_featured_media_url":"https:\/\/i0.wp.com\/www.paparazzinews.com.br\/wp-content\/uploads\/2024\/11\/e651fb9a-90b1-4484-9e6d-b39616752efd.jpeg?fit=1280%2C720&ssl=1","views":"1287","jetpack_likes_enabled":true,"jetpack_sharing_enabled":true,"_links":{"self":[{"href":"https:\/\/www.paparazzinews.com.br\/index.php?rest_route=\/wp\/v2\/posts\/13152","targetHints":{"allow":["GET"]}}],"collection":[{"href":"https:\/\/www.paparazzinews.com.br\/index.php?rest_route=\/wp\/v2\/posts"}],"about":[{"href":"https:\/\/www.paparazzinews.com.br\/index.php?rest_route=\/wp\/v2\/types\/post"}],"author":[{"embeddable":true,"href":"https:\/\/www.paparazzinews.com.br\/index.php?rest_route=\/wp\/v2\/users\/1"}],"replies":[{"embeddable":true,"href":"https:\/\/www.paparazzinews.com.br\/index.php?rest_route=%2Fwp%2Fv2%2Fcomments&post=13152"}],"version-history":[{"count":1,"href":"https:\/\/www.paparazzinews.com.br\/index.php?rest_route=\/wp\/v2\/posts\/13152\/revisions"}],"predecessor-version":[{"id":13155,"href":"https:\/\/www.paparazzinews.com.br\/index.php?rest_route=\/wp\/v2\/posts\/13152\/revisions\/13155"}],"wp:featuredmedia":[{"embeddable":true,"href":"https:\/\/www.paparazzinews.com.br\/index.php?rest_route=\/wp\/v2\/media\/13154"}],"wp:attachment":[{"href":"https:\/\/www.paparazzinews.com.br\/index.php?rest_route=%2Fwp%2Fv2%2Fmedia&parent=13152"}],"wp:term":[{"taxonomy":"category","embeddable":true,"href":"https:\/\/www.paparazzinews.com.br\/index.php?rest_route=%2Fwp%2Fv2%2Fcategories&post=13152"},{"taxonomy":"post_tag","embeddable":true,"href":"https:\/\/www.paparazzinews.com.br\/index.php?rest_route=%2Fwp%2Fv2%2Ftags&post=13152"}],"curies":[{"name":"wp","href":"https:\/\/api.w.org\/{rel}","templated":true}]}}