{"id":13149,"date":"2024-11-07T11:48:00","date_gmt":"2024-11-07T14:48:00","guid":{"rendered":"https:\/\/www.paparazzinews.com.br\/?p=13149"},"modified":"2024-11-07T11:49:04","modified_gmt":"2024-11-07T14:49:04","slug":"prefeitura-de-andradina-contrata-empresa-por-26-mil-para-dar-palestra-sobre-transtorno-do-espectro-autista","status":"publish","type":"post","link":"https:\/\/www.paparazzinews.com.br\/?p=13149","title":{"rendered":"Prefeitura de Andradina contrata empresa por 26 mil para dar palestra sobre Transtorno do Espectro Autista"},"content":{"rendered":"\n<p>A Prefeitura Municipal de Andradina, por meio do prefeito Mario Celso Lopes, anunciou em publica\u00e7\u00e3o no Di\u00e1rio Oficial desta quinta-feira, 07 de novembro, a contrata\u00e7\u00e3o da empresa Petry Palestras e Treinamentos Ltda, para realizar uma palestra sobre a conscientiza\u00e7\u00e3o do corpo docente quanto \u00e0 import\u00e2ncia da estimula\u00e7\u00e3o das crian\u00e7as portadoras do Transtorno do Espectro Autista (TEA) e suas reais capacidades de desenvolvimento. A informa\u00e7\u00e3o \u00e9 de Roni Paparazzi.<\/p>\n\n\n\n<p>O evento ocorrer\u00e1 no dia 25 de novembro de 2024. A contrata\u00e7\u00e3o foi autorizada nos termos do art. 75, inc. II, da Lei 14.133\/2021, com valor total de R$ 26.000,00.<\/p>\n\n\n\n<p>Essa iniciativa visa promover a inclus\u00e3o e o entendimento sobre o TEA, contribuindo para um ambiente mais acolhedor e inclusivo nas escolas do munic\u00edpio. A palestra \u00e9 uma oportunidade importante para os professores e profissionais da educa\u00e7\u00e3o se capacitarem e melhorarem sua abordagem em rela\u00e7\u00e3o \u00e0s crian\u00e7as com TEA.<\/p>\n\n\n\n<p>A contrata\u00e7\u00e3o direta foi justificada pelo art. 75, inc. II, da Lei 14.133\/2021, que permite a contrata\u00e7\u00e3o direta em casos espec\u00edficos. A medida foi publicada em 6 de novembro de 2024, pelo prefeito Mario Celso Lopes.<\/p>\n\n\n\n<p><strong><em><strong><em><strong><em><strong><em><strong><em><strong><em><strong><em><strong><em><strong>Siga nossas redes sociais no&nbsp;<a href=\"https:\/\/www.instagram.com\/ronipaparazzi\/\">Instagram&nbsp;<\/a>e&nbsp;<a href=\"https:\/\/www.facebook.com\/ronipaparazzicomvoce\">Facebook<\/a>&nbsp;participe da nossa comunidade do Canal Roni Paparazzi no Whatsapp e receba as principais not\u00edcias da regi\u00e3o de Ara\u00e7atuba do dia direto no seu celular.<\/strong>&nbsp;<a href=\"https:\/\/chat.whatsapp.com\/GsG1XKo0jPOEfjzudWQcml\" target=\"_blank\" rel=\"noreferrer noopener\">&nbsp;Clique aqui e se inscreva.<\/a><\/em><\/strong><\/em><\/strong><\/em><\/strong><\/em><\/strong><\/em><\/strong><\/em><\/strong><\/em><\/strong><\/em><\/strong><\/p>\n","protected":false},"excerpt":{"rendered":"<p>A Prefeitura Municipal de Andradina, por meio do prefeito Mario Celso Lopes, anunciou em publica\u00e7\u00e3o no Di\u00e1rio Oficial desta quinta-feira, 07 de novembro, a contrata\u00e7\u00e3o da empresa Petry Palestras e Treinamentos Ltda, para realizar uma palestra sobre a conscientiza\u00e7\u00e3o do corpo docente quanto \u00e0 import\u00e2ncia da estimula\u00e7\u00e3o das crian\u00e7as portadoras do Transtorno do Espectro Autista &hellip;<\/p>\n","protected":false},"author":1,"featured_media":13150,"comment_status":"open","ping_status":"open","sticky":false,"template":"","format":"standard","meta":{"_jetpack_memberships_contains_paid_content":false,"footnotes":"","jetpack_publicize_message":"","jetpack_publicize_feature_enabled":true,"jetpack_social_post_already_shared":false,"jetpack_social_options":{"image_generator_settings":{"template":"highway","default_image_id":0,"enabled":false},"version":2}},"categories":[4],"tags":[],"class_list":["post-13149","post","type-post","status-publish","format-standard","has-post-thumbnail","hentry","category-regiao"],"jetpack_publicize_connections":[],"jetpack_featured_media_url":"https:\/\/i0.wp.com\/www.paparazzinews.com.br\/wp-content\/uploads\/2024\/11\/autismo-blog-mendelics-e1730990860959.png?fit=1000%2C563&ssl=1","views":"1087","jetpack_likes_enabled":true,"jetpack_sharing_enabled":true,"_links":{"self":[{"href":"https:\/\/www.paparazzinews.com.br\/index.php?rest_route=\/wp\/v2\/posts\/13149","targetHints":{"allow":["GET"]}}],"collection":[{"href":"https:\/\/www.paparazzinews.com.br\/index.php?rest_route=\/wp\/v2\/posts"}],"about":[{"href":"https:\/\/www.paparazzinews.com.br\/index.php?rest_route=\/wp\/v2\/types\/post"}],"author":[{"embeddable":true,"href":"https:\/\/www.paparazzinews.com.br\/index.php?rest_route=\/wp\/v2\/users\/1"}],"replies":[{"embeddable":true,"href":"https:\/\/www.paparazzinews.com.br\/index.php?rest_route=%2Fwp%2Fv2%2Fcomments&post=13149"}],"version-history":[{"count":2,"href":"https:\/\/www.paparazzinews.com.br\/index.php?rest_route=\/wp\/v2\/posts\/13149\/revisions"}],"predecessor-version":[{"id":13153,"href":"https:\/\/www.paparazzinews.com.br\/index.php?rest_route=\/wp\/v2\/posts\/13149\/revisions\/13153"}],"wp:featuredmedia":[{"embeddable":true,"href":"https:\/\/www.paparazzinews.com.br\/index.php?rest_route=\/wp\/v2\/media\/13150"}],"wp:attachment":[{"href":"https:\/\/www.paparazzinews.com.br\/index.php?rest_route=%2Fwp%2Fv2%2Fmedia&parent=13149"}],"wp:term":[{"taxonomy":"category","embeddable":true,"href":"https:\/\/www.paparazzinews.com.br\/index.php?rest_route=%2Fwp%2Fv2%2Fcategories&post=13149"},{"taxonomy":"post_tag","embeddable":true,"href":"https:\/\/www.paparazzinews.com.br\/index.php?rest_route=%2Fwp%2Fv2%2Ftags&post=13149"}],"curies":[{"name":"wp","href":"https:\/\/api.w.org\/{rel}","templated":true}]}}