{"id":13134,"date":"2024-11-07T11:14:50","date_gmt":"2024-11-07T14:14:50","guid":{"rendered":"https:\/\/www.paparazzinews.com.br\/?p=13134"},"modified":"2024-11-07T11:14:51","modified_gmt":"2024-11-07T14:14:51","slug":"jovens-da-fundacao-casa-realizam-provao-paulista-em-busca-de-vagas-no-ensino-superior","status":"publish","type":"post","link":"https:\/\/www.paparazzinews.com.br\/?p=13134","title":{"rendered":"Jovens da Funda\u00e7\u00e3o Casa realizam Prov\u00e3o Paulista em busca de vagas no ensino superior"},"content":{"rendered":"\n<p>Cerca de 224 adolescentes do 3\u00ba ano do Ensino M\u00e9dio que cumprem medida socioeducativa na Funda\u00e7\u00e3o Centro de Atendimento Socioeducativo ao Adolescente (Cqsa) em diversas regi\u00f5es do estado de S\u00e3o Paulo participar\u00e3o nesta quarta-feira (6) e quinta-feira (7) do Prov\u00e3o Paulista Seriado, um passo decisivo rumo ao sonho do ensino superior. As provas ser\u00e3o realizadas em duas etapas, avaliando conhecimentos em diversas \u00e1reas e proporcionando aos jovens uma oportunidade de ampliar suas perspectivas de vida. A informa\u00e7\u00e3o \u00e9 da Ag\u00eancia SP.<\/p>\n\n\n\n<p>No primeiro dia de provas, os candidatos responder\u00e3o a 48 quest\u00f5es de l\u00edngua portuguesa, l\u00edngua inglesa, f\u00edsica, qu\u00edmica e biologia, al\u00e9m de uma reda\u00e7\u00e3o, com dura\u00e7\u00e3o de at\u00e9 cinco horas. A segunda etapa, no dia 7, ser\u00e1 dedicada a 42 quest\u00f5es de matem\u00e1tica, hist\u00f3ria, geografia, sociologia e filosofia. Para os alunos do 3\u00ba ano, o exame deste ano tem peso de 50% no c\u00e1lculo final, enquanto a reda\u00e7\u00e3o vale 20%.<\/p>\n\n\n\n<p>O Prov\u00e3o Paulista Seriado oferece neste ano 15.390 vagas em universidades p\u00fablicas do estado, entre elas 1.500 na Universidade de S\u00e3o Paulo (USP), 934 na Universidade Estadual Paulista (Unesp), 325 na Universidade Estadual de Campinas (Unicamp), 10.000 nas Faculdades de Tecnologia do Estado de S\u00e3o Paulo (Fatecs) e 2.631 na Universidade Virtual do Estado de S\u00e3o Paulo (Univesp). As vagas s\u00e3o destinadas exclusivamente a estudantes que cursaram todo o Ensino M\u00e9dio na rede p\u00fablica.<\/p>\n\n\n\n<p>Al\u00e9m dos adolescentes do 3\u00ba ano, outros 1.490 jovens da Funda\u00e7\u00e3o Casa, atualmente na 1\u00aa e 2\u00aa s\u00e9ries do ensino m\u00e9dio, tamb\u00e9m far\u00e3o o exame nos dias 2 e 3 de dezembro, com dura\u00e7\u00e3o m\u00e1xima de quatro horas. Os pontos acumulados por eles tamb\u00e9m contribuir\u00e3o para o c\u00e1lculo futuro de suas notas.<\/p>\n\n\n\n<p>A Funda\u00e7\u00e3o Casa, em parceria com professores da rede estadual, tem intensificado a prepara\u00e7\u00e3o dos adolescentes para a prova, oferecendo refor\u00e7o nas disciplinas exigidas e orienta\u00e7\u00e3o direcionada. Esse trabalho conjunto \u00e9 fundamental para fortalecer o aprendizado e ampliar as oportunidades educacionais.<\/p>\n\n\n\n<p>Os jovens participantes est\u00e3o em unidades da Funda\u00e7\u00e3o Casa em diversas cidades, incluindo Araraquara, Ara\u00e7atuba, Atibaia, Bauru, Botucatu, Campinas, Caraguatatuba, Cerqueira C\u00e9sar, Diadema, Franca, Franco da Rocha, Guarulhos, Guaruj\u00e1, Itaquaquecetuba, Itapetininga, Jacare\u00ed, Lins, Limeira, Mar\u00edlia, Mongagu\u00e1, Mogi Mirim, Osasco, Peru\u00edbe, Piracicaba, Praia Grande, Ribeir\u00e3o Preto, Santo Andr\u00e9, S\u00e3o Bernardo do Campo, S\u00e3o Carlos, S\u00e3o Jos\u00e9 dos Campos, S\u00e3o Jos\u00e9 do Rio Preto, S\u00e3o Paulo, S\u00e3o Vicente, Sert\u00e3ozinho, Sorocaba, Taubat\u00e9, Iaras e Irapuru.<\/p>\n\n\n\n<p>A presidente da Funda\u00e7\u00e3o Casa, Claudia Carletto, destacou a import\u00e2ncia desta etapa para os jovens: \u201cA participa\u00e7\u00e3o no exame \u00e9 um momento transformador para cada um desses adolescentes. Mais do que uma prova, \u00e9 uma possibilidade real de acesso ao ensino superior e uma oportunidade para eles enxergarem novas perspectivas de vida. A educa\u00e7\u00e3o \u00e9 uma ferramenta poderosa de transforma\u00e7\u00e3o e inclus\u00e3o\u201d, afirmou.<\/p>\n\n\n\n<h2 class=\"wp-block-heading\"><strong>Prov\u00e3o Paulista<\/strong><\/h2>\n\n\n\n<p>Criado em 2023 pelo Governo de S\u00e3o Paulo, por meio da Secretaria da Educa\u00e7\u00e3o do Estado de S\u00e3o Paulo (Seduc-SP), o Prov\u00e3o Paulista Seriado permite que alunos do Ensino M\u00e9dio acumulem pontua\u00e7\u00f5es ao longo dos tr\u00eas anos, facilitando o ingresso em universidades p\u00fablicas. O resultado do exame e a primeira chamada para as universidades ser\u00e3o divulgados no dia 20 de janeiro de 2025.<\/p>\n\n\n\n<h2 class=\"wp-block-heading\">Sobre a Funda\u00e7\u00e3o Casa<\/h2>\n\n\n\n<p>A Funda\u00e7\u00e3o Centro de Atendimento Socioeducativo ao Adolescente (Casa), vinculada \u00e0 Secretaria de Estado da Justi\u00e7a e Cidadania, aplica medidas socioeducativas conforme o Estatuto da Crian\u00e7a e do Adolescente (ECA) e o Sistema Nacional de Atendimento Socioeducativo (SINASE). Atendendo jovens de 12 a 21 anos incompletos em S\u00e3o Paulo, a Funda\u00e7\u00e3o executa medidas de priva\u00e7\u00e3o de liberdade e semiliberdade, determinadas pelo Poder Judici\u00e1rio, com base no ato infracional e na idade dos adolescentes, garantindo os direitos previstos em lei, pautando-se na humaniza\u00e7\u00e3o, e contribuindo para o retorno do adolescente ao conv\u00edvio social.<\/p>\n\n\n\n<p>Mais informa\u00e7\u00f5es em:&nbsp;<a href=\"https:\/\/fundacaocasa.sp.gov.br\/\" target=\"_blank\" rel=\"noreferrer noopener\">https:\/\/fundacaocasa.sp.gov.br\/<\/a>.<\/p>\n\n\n\n<p><strong><em><strong><em><strong><em><strong><em><strong><em><strong><em><strong><em><strong><em><strong>Siga nossas redes sociais no\u00a0<a href=\"https:\/\/www.instagram.com\/ronipaparazzi\/\">Instagram\u00a0<\/a>e\u00a0<a href=\"https:\/\/www.facebook.com\/ronipaparazzicomvoce\">Facebook<\/a>\u00a0participe da nossa comunidade do Canal Roni Paparazzi no Whatsapp e receba as principais not\u00edcias da regi\u00e3o de Ara\u00e7atuba do dia direto no seu celular.<\/strong>\u00a0<a href=\"https:\/\/chat.whatsapp.com\/GsG1XKo0jPOEfjzudWQcml\" target=\"_blank\" rel=\"noreferrer noopener\">\u00a0Clique aqui e se inscreva.<\/a><\/em><\/strong><\/em><\/strong><\/em><\/strong><\/em><\/strong><\/em><\/strong><\/em><\/strong><\/em><\/strong><\/em><\/strong><\/p>\n","protected":false},"excerpt":{"rendered":"<p>Cerca de 224 adolescentes do 3\u00ba ano do Ensino M\u00e9dio que cumprem medida socioeducativa na Funda\u00e7\u00e3o Centro de Atendimento Socioeducativo ao Adolescente (Cqsa) em diversas regi\u00f5es do estado de S\u00e3o Paulo participar\u00e3o nesta quarta-feira (6) e quinta-feira (7) do Prov\u00e3o Paulista Seriado, um passo decisivo rumo ao sonho do ensino superior. As provas ser\u00e3o realizadas &hellip;<\/p>\n","protected":false},"author":1,"featured_media":13135,"comment_status":"open","ping_status":"open","sticky":false,"template":"","format":"standard","meta":{"_jetpack_memberships_contains_paid_content":false,"footnotes":"","jetpack_publicize_message":"","jetpack_publicize_feature_enabled":true,"jetpack_social_post_already_shared":false,"jetpack_social_options":{"image_generator_settings":{"template":"highway","default_image_id":0,"enabled":false},"version":2}},"categories":[4],"tags":[],"class_list":["post-13134","post","type-post","status-publish","format-standard","has-post-thumbnail","hentry","category-regiao"],"jetpack_publicize_connections":[],"jetpack_featured_media_url":"https:\/\/i0.wp.com\/www.paparazzinews.com.br\/wp-content\/uploads\/2024\/11\/gabarito-de-prova-educacao-scaled-1-1536x815-1.jpg?fit=1536%2C815&ssl=1","views":"1312","jetpack_likes_enabled":true,"jetpack_sharing_enabled":true,"_links":{"self":[{"href":"https:\/\/www.paparazzinews.com.br\/index.php?rest_route=\/wp\/v2\/posts\/13134","targetHints":{"allow":["GET"]}}],"collection":[{"href":"https:\/\/www.paparazzinews.com.br\/index.php?rest_route=\/wp\/v2\/posts"}],"about":[{"href":"https:\/\/www.paparazzinews.com.br\/index.php?rest_route=\/wp\/v2\/types\/post"}],"author":[{"embeddable":true,"href":"https:\/\/www.paparazzinews.com.br\/index.php?rest_route=\/wp\/v2\/users\/1"}],"replies":[{"embeddable":true,"href":"https:\/\/www.paparazzinews.com.br\/index.php?rest_route=%2Fwp%2Fv2%2Fcomments&post=13134"}],"version-history":[{"count":1,"href":"https:\/\/www.paparazzinews.com.br\/index.php?rest_route=\/wp\/v2\/posts\/13134\/revisions"}],"predecessor-version":[{"id":13136,"href":"https:\/\/www.paparazzinews.com.br\/index.php?rest_route=\/wp\/v2\/posts\/13134\/revisions\/13136"}],"wp:featuredmedia":[{"embeddable":true,"href":"https:\/\/www.paparazzinews.com.br\/index.php?rest_route=\/wp\/v2\/media\/13135"}],"wp:attachment":[{"href":"https:\/\/www.paparazzinews.com.br\/index.php?rest_route=%2Fwp%2Fv2%2Fmedia&parent=13134"}],"wp:term":[{"taxonomy":"category","embeddable":true,"href":"https:\/\/www.paparazzinews.com.br\/index.php?rest_route=%2Fwp%2Fv2%2Fcategories&post=13134"},{"taxonomy":"post_tag","embeddable":true,"href":"https:\/\/www.paparazzinews.com.br\/index.php?rest_route=%2Fwp%2Fv2%2Ftags&post=13134"}],"curies":[{"name":"wp","href":"https:\/\/api.w.org\/{rel}","templated":true}]}}