{"id":13116,"date":"2024-11-07T10:46:16","date_gmt":"2024-11-07T13:46:16","guid":{"rendered":"https:\/\/www.paparazzinews.com.br\/?p=13116"},"modified":"2024-11-07T10:46:17","modified_gmt":"2024-11-07T13:46:17","slug":"prisoes-de-procurados-aumentam-84-em-dois-anos","status":"publish","type":"post","link":"https:\/\/www.paparazzinews.com.br\/?p=13116","title":{"rendered":"Pris\u00f5es de procurados aumentam 84% em dois anos"},"content":{"rendered":"\n<p>O n\u00famero de suspeitos procurados que foram<a href=\"https:\/\/www.agenciasp.sp.gov.br\/mais-de-100-infratores-sao-flagrados-violando-medidas-judiciais-na-regiao-do-fluxo-centro-de-sp\/\">\u00a0capturados pela pol\u00edcia de S\u00e3o Paulo na regi\u00e3o central da capital<\/a>\u00a0aumentou 84% em dois anos. Entre janeiro e agosto de 2022, foram 591 pessoas procuradas detidas nas \u00e1reas de abrang\u00eancia do 3\u00ba DP e do 77\u00ba DP da Pol\u00edcia Civil. J\u00e1 no mesmo per\u00edodo deste ano, foram capturados 1.086 procurados pela Justi\u00e7a. Na compara\u00e7\u00e3o com o mesmo recorte do ano passado, o aumento de foragidos presos no centro de S\u00e3o Paulo foi de 31%. A informa\u00e7\u00e3o \u00e9 da Ag\u00eancia SP.<\/p>\n\n\n\n<p>As a\u00e7\u00f5es de seguran\u00e7a no centro da cidade de S\u00e3o Paulo fazem parte do&nbsp;<a href=\"https:\/\/www.agenciasp.sp.gov.br\/roubos-na-capital-caem-pelo-setimo-mes-consecutivo\/\">conjunto de medidas adotadas na regi\u00e3o da Cracol\u00e2ndia<\/a>, no \u00e2mbito do programa estadual de Pol\u00edticas sobre Drogas e Transforma\u00e7\u00e3o das Cenas Abertas de Uso, institu\u00eddo no Plano Plurianual (PPA) 2024-2027.<\/p>\n\n\n\n<p>Al\u00e9m da seguran\u00e7a, o programa multisetorial tamb\u00e9m envolve a\u00e7\u00f5es de sa\u00fade e desenvolvimento social, com \u00eanfase no acolhimento para indiv\u00edduos com depend\u00eancia qu\u00edmica.<\/p>\n\n\n\n<p>Para a captura de procurados, as pol\u00edcias Civil e Militar realizam opera\u00e7\u00f5es como a Resgate. Em conjunto com a Guarda Civil Metropolitana, a opera\u00e7\u00e3o \u00e9 focada na identifica\u00e7\u00e3o de dependentes qu\u00edmicos e infratores que frequentam a regi\u00e3o, para a devida ado\u00e7\u00e3o das medidas legais e encaminhamentos para servi\u00e7os de sa\u00fade e assist\u00eancia social.<\/p>\n\n\n\n<p>A fase mais recente, ocorrida em agosto, resultou na pris\u00e3o de quatro suspeitos, sendo dois procurados pela Justi\u00e7a e outros dois em flagrante por tr\u00e1fico de drogas. Al\u00e9m disso, pelo menos cem infratores foram identificados descumprindo medidas judiciais. Somente nesta opera\u00e7\u00e3o, foram empenhados 66 policiais civis e 165 policiais militares, al\u00e9m de 20 cavalos e dois c\u00e3es. A prefeitura atuou em conjunto com o emprego de 41 guardas civis metropolitanos.<\/p>\n\n\n\n<p>Em abril, em outra etapa da Opera\u00e7\u00e3o Resgate, os policiais capturaram dez procurados da Justi\u00e7a que frequentavam as cenas abertas de uso. Eles foram conduzidos \u00e0 delegacia e permaneceram \u00e0 disposi\u00e7\u00e3o do Poder Judici\u00e1rio. No m\u00eas anterior, a Opera\u00e7\u00e3o Resgate capturou 12 foragidos frequentando o fluxo<\/p>\n\n\n\n<h2 class=\"wp-block-heading\">Monitoramento e uso de tecnologia<\/h2>\n\n\n\n<p>Desde abril do ano passado, a regi\u00e3o das cenas abertas de uso \u00e9 monitorada pela Secretaria da Seguran\u00e7a P\u00fablica, que passou a apresentar um diagn\u00f3stico semanal sobre a criminalidade no local.<\/p>\n\n\n\n<p>Dentre as medidas implementadas, est\u00e3o o investimento em tecnologia, sistema de intelig\u00eancia e o refor\u00e7o do efetivo com mais 400 policiais militares na regi\u00e3o central. H\u00e1 ainda mais de 1,3 mil vagas disponibilizadas para PMs pela Atividade Delegada.<\/p>\n\n\n\n<p>O uso da tecnologia para combater o crime \u00e9 um dos pilares de atua\u00e7\u00e3o da SSP-SP. O objetivo \u00e9 reunir ferramentas para restringir a mobilidade criminal e aumentar a probabilidade de pris\u00e3o de criminosos, por meio da integra\u00e7\u00e3o de sistemas de c\u00e2meras de monitoramento, uso do reconhecimento facial para a\u00e7\u00f5es policiais em locais com grande aglomera\u00e7\u00e3o.<\/p>\n\n\n\n<p>\u201cO uso da tecnologia tem sido fundamental no combate ao crime no estado de S\u00e3o Paulo, trazendo avan\u00e7os significativos para a seguran\u00e7a p\u00fablica\u201d, afirmou o vice-governador Fel\u00edcio Ramuth, coordenador das a\u00e7\u00f5es do governo paulista na regi\u00e3o central.<\/p>\n\n\n\n<p>Com a tecnologia, \u00e9 poss\u00edvel fazer cruzamento de diferentes bancos de dados para identificar procurados da Justi\u00e7a ou pessoas que estejam descumprindo medidas impostas pelo Poder Judici\u00e1rio, bem como localizar desaparecidos. Cabe destacar que o programa atende aos requisitos da legisla\u00e7\u00e3o vigente, como a Lei Geral de Prote\u00e7\u00e3o de Dados (LGPD).<\/p>\n\n\n\n<p>Para o vice-governador, a implanta\u00e7\u00e3o de solu\u00e7\u00f5es inovadoras possibilita a\u00e7\u00f5es mais eficazes, abrangendo desde a preven\u00e7\u00e3o de crimes at\u00e9 a investiga\u00e7\u00e3o e repress\u00e3o de organiza\u00e7\u00f5es criminosas, especialmente no centro da capital. \u201cA tecnologia \u00e9 uma aliada essencial para desmantelar redes criminosas e aumentar a seguran\u00e7a dos cidad\u00e3os\u201d.<\/p>\n\n\n\n<h2 class=\"wp-block-heading\">Policiais capacitados para oferecer ajuda<\/h2>\n\n\n\n<p>Em mar\u00e7o, as equipes de seguran\u00e7a de S\u00e3o Paulo que atuam no centro receberam um treinamento para aprimorar a abordagem de pessoas em situa\u00e7\u00e3o de vulnerabilidade social que frequentam o fluxo.<\/p>\n\n\n\n<p>O curso trouxe orienta\u00e7\u00f5es sobre direitos humanos, pol\u00edtica estadual sobre drogas, a\u00e7\u00f5es de sa\u00fade e assist\u00eancia social, tr\u00e1fico ilegal e policiamento orientado por resultados.<\/p>\n\n\n\n<p>Os agentes ainda receberam informa\u00e7\u00f5es mais detalhadas sobre a estrutura do HUB de Cuidados em Crack e outras drogas, servi\u00e7o do governo paulista que oferece uma porta de entrada para o tratamento da depend\u00eancia qu\u00edmica. O objetivo \u00e9 que os policiais estejam capacitados para oferecer ajuda devida aos usu\u00e1rios e encaminh\u00e1-los para um tratamento, caso solicitado.<\/p>\n\n\n\n<p><strong><em><strong><em><strong><em><strong><em><strong><em><strong><em><strong><em><strong><em><strong>Siga nossas redes sociais no\u00a0<a href=\"https:\/\/www.instagram.com\/ronipaparazzi\/\">Instagram\u00a0<\/a>e\u00a0<a href=\"https:\/\/www.facebook.com\/ronipaparazzicomvoce\">Facebook<\/a>\u00a0participe da nossa comunidade do Canal Roni Paparazzi no Whatsapp e receba as principais not\u00edcias da regi\u00e3o de Ara\u00e7atuba do dia direto no seu celular.<\/strong>\u00a0<a href=\"https:\/\/chat.whatsapp.com\/GsG1XKo0jPOEfjzudWQcml\" target=\"_blank\" rel=\"noreferrer noopener\">\u00a0Clique aqui e se inscreva.<\/a><\/em><\/strong><\/em><\/strong><\/em><\/strong><\/em><\/strong><\/em><\/strong><\/em><\/strong><\/em><\/strong><\/em><\/strong><\/p>\n","protected":false},"excerpt":{"rendered":"<p>O n\u00famero de suspeitos procurados que foram\u00a0capturados pela pol\u00edcia de S\u00e3o Paulo na regi\u00e3o central da capital\u00a0aumentou 84% em dois anos. Entre janeiro e agosto de 2022, foram 591 pessoas procuradas detidas nas \u00e1reas de abrang\u00eancia do 3\u00ba DP e do 77\u00ba DP da Pol\u00edcia Civil. J\u00e1 no mesmo per\u00edodo deste ano, foram capturados 1.086 &hellip;<\/p>\n","protected":false},"author":1,"featured_media":13117,"comment_status":"open","ping_status":"open","sticky":false,"template":"","format":"standard","meta":{"_jetpack_memberships_contains_paid_content":false,"footnotes":"","jetpack_publicize_message":"","jetpack_publicize_feature_enabled":true,"jetpack_social_post_already_shared":false,"jetpack_social_options":{"image_generator_settings":{"template":"highway","default_image_id":0,"enabled":false},"version":2}},"categories":[4],"tags":[],"class_list":["post-13116","post","type-post","status-publish","format-standard","has-post-thumbnail","hentry","category-regiao"],"jetpack_publicize_connections":[],"jetpack_featured_media_url":"https:\/\/i0.wp.com\/www.paparazzinews.com.br\/wp-content\/uploads\/2024\/11\/policiamento-no-centro-seguranca-policia-1536x1024-1.jpg?fit=1536%2C1024&ssl=1","views":"1195","jetpack_likes_enabled":true,"jetpack_sharing_enabled":true,"_links":{"self":[{"href":"https:\/\/www.paparazzinews.com.br\/index.php?rest_route=\/wp\/v2\/posts\/13116","targetHints":{"allow":["GET"]}}],"collection":[{"href":"https:\/\/www.paparazzinews.com.br\/index.php?rest_route=\/wp\/v2\/posts"}],"about":[{"href":"https:\/\/www.paparazzinews.com.br\/index.php?rest_route=\/wp\/v2\/types\/post"}],"author":[{"embeddable":true,"href":"https:\/\/www.paparazzinews.com.br\/index.php?rest_route=\/wp\/v2\/users\/1"}],"replies":[{"embeddable":true,"href":"https:\/\/www.paparazzinews.com.br\/index.php?rest_route=%2Fwp%2Fv2%2Fcomments&post=13116"}],"version-history":[{"count":1,"href":"https:\/\/www.paparazzinews.com.br\/index.php?rest_route=\/wp\/v2\/posts\/13116\/revisions"}],"predecessor-version":[{"id":13118,"href":"https:\/\/www.paparazzinews.com.br\/index.php?rest_route=\/wp\/v2\/posts\/13116\/revisions\/13118"}],"wp:featuredmedia":[{"embeddable":true,"href":"https:\/\/www.paparazzinews.com.br\/index.php?rest_route=\/wp\/v2\/media\/13117"}],"wp:attachment":[{"href":"https:\/\/www.paparazzinews.com.br\/index.php?rest_route=%2Fwp%2Fv2%2Fmedia&parent=13116"}],"wp:term":[{"taxonomy":"category","embeddable":true,"href":"https:\/\/www.paparazzinews.com.br\/index.php?rest_route=%2Fwp%2Fv2%2Fcategories&post=13116"},{"taxonomy":"post_tag","embeddable":true,"href":"https:\/\/www.paparazzinews.com.br\/index.php?rest_route=%2Fwp%2Fv2%2Ftags&post=13116"}],"curies":[{"name":"wp","href":"https:\/\/api.w.org\/{rel}","templated":true}]}}