{"id":13101,"date":"2024-11-06T10:30:54","date_gmt":"2024-11-06T13:30:54","guid":{"rendered":"https:\/\/www.paparazzinews.com.br\/?p=13101"},"modified":"2024-11-06T10:30:55","modified_gmt":"2024-11-06T13:30:55","slug":"elektro-explica-causa-de-interrupcao-de-energia-em-castilho-incendio-em-padrao-da-educacao","status":"publish","type":"post","link":"https:\/\/www.paparazzinews.com.br\/?p=13101","title":{"rendered":"Elektro explica causa de interrup\u00e7\u00e3o de energia em Castilho: Inc\u00eandio em padr\u00e3o da educa\u00e7\u00e3o"},"content":{"rendered":"\n<p>A concession\u00e1ria Elektro esclareceu em e-mail ao Roni Paparazzi que a interrup\u00e7\u00e3o de energia em Castilho, ocorrida nesta ter\u00e7a-feira (05), foi causada por um inc\u00eandio no padr\u00e3o de entrada de um cliente, que impactou equipamento da rede el\u00e9trica afetando 6 bairros.<\/p>\n\n\n\n<p><strong>&#8220;A\u00e7\u00e3o R\u00e1pida&#8221;<\/strong><\/p>\n\n\n\n<p>Equipes da Elektro agiram rapidamente para restaurar o fornecimento de energia. A interrup\u00e7\u00e3o teve in\u00edcio \u00e0s 9h55 e, \u00e0s 10h15, 99,7% dos clientes j\u00e1 estavam com fornecimento restabelecido. Aos 100% dos clientes \u00e0s 10h40.<\/p>\n\n\n\n<p><strong>&#8220;Bairros Afetados&#8221;<\/strong><\/p>\n\n\n\n<p>Os principais bairros atingidos pela interrup\u00e7\u00e3o foram:<\/p>\n\n\n\n<ul class=\"wp-block-list\">\n<li>Centro<\/li>\n\n\n\n<li>Laranjeiras<\/li>\n\n\n\n<li>Bairro Le\u00e3o<\/li>\n\n\n\n<li>CDHU Castilho<\/li>\n\n\n\n<li>Jardim Alvorada<\/li>\n\n\n\n<li>Conj. Habitacional Musa Telles<\/li>\n<\/ul>\n\n\n\n<p><strong>&#8220;Inc\u00eandio na Secretaria de Educa\u00e7\u00e3o&#8221;<\/strong><\/p>\n\n\n\n<p>O inc\u00eandio que provocou a interrup\u00e7\u00e3o de energia ocorreu na Secretaria de Educa\u00e7\u00e3o, Desporto e Cultura de Castilho. A Base Comunit\u00e1ria do Corpo de Bombeiros e a Brigada Municipal local foram acionadas para conter o fogo no pr\u00e9dio do CIEC na Avenida Jos\u00e9 Luciano Pereira.<\/p>\n\n\n\n<p><strong>&#8220;Causa do Inc\u00eandio&#8221;<\/strong><\/p>\n\n\n\n<p>De acordo com o cabo Rodrigo, da Base Comunit\u00e1ria do Corpo de Bombeiros, a causa do inc\u00eandio ainda era desconhecida. No entanto, a Elektro esclareceu que o inc\u00eandio foi provocado por um problema no padr\u00e3o de entrada de um cliente.<\/p>\n\n\n\n<p><strong>&#8220;Escola do Lapis&#8221;<\/strong><\/p>\n\n\n\n<p>Na segunda-feira, a Escola do Lapis sofreu uma pane com curto-circuito. Funcion\u00e1rios combateram as chamas e acionaram os bombeiros.<\/p>\n\n\n\n<p><strong><em><strong><em><strong><em><strong><em><strong><em><strong><em><strong><em><strong><em><strong>Siga nossas redes sociais no\u00a0<a href=\"https:\/\/www.instagram.com\/ronipaparazzi\/\">Instagram\u00a0<\/a>e\u00a0<a href=\"https:\/\/www.facebook.com\/ronipaparazzicomvoce\">Facebook<\/a>\u00a0participe da nossa comunidade do Canal Roni Paparazzi no Whatsapp e receba as principais not\u00edcias da regi\u00e3o de Ara\u00e7atuba do dia direto no seu celular.<\/strong>\u00a0<a href=\"https:\/\/chat.whatsapp.com\/GsG1XKo0jPOEfjzudWQcml\" target=\"_blank\" rel=\"noreferrer noopener\">\u00a0Clique aqui e se inscreva.<\/a><\/em><\/strong><\/em><\/strong><\/em><\/strong><\/em><\/strong><\/em><\/strong><\/em><\/strong><\/em><\/strong><\/em><\/strong><\/p>\n","protected":false},"excerpt":{"rendered":"<p>A concession\u00e1ria Elektro esclareceu em e-mail ao Roni Paparazzi que a interrup\u00e7\u00e3o de energia em Castilho, ocorrida nesta ter\u00e7a-feira (05), foi causada por um inc\u00eandio no padr\u00e3o de entrada de um cliente, que impactou equipamento da rede el\u00e9trica afetando 6 bairros. &#8220;A\u00e7\u00e3o R\u00e1pida&#8221; Equipes da Elektro agiram rapidamente para restaurar o fornecimento de energia. A &hellip;<\/p>\n","protected":false},"author":1,"featured_media":13102,"comment_status":"open","ping_status":"open","sticky":false,"template":"","format":"standard","meta":{"_jetpack_memberships_contains_paid_content":false,"footnotes":"","jetpack_publicize_message":"","jetpack_publicize_feature_enabled":true,"jetpack_social_post_already_shared":false,"jetpack_social_options":{"image_generator_settings":{"template":"highway","default_image_id":0,"enabled":false},"version":2}},"categories":[3],"tags":[],"class_list":["post-13101","post","type-post","status-publish","format-standard","has-post-thumbnail","hentry","category-policial"],"jetpack_publicize_connections":[],"jetpack_featured_media_url":"https:\/\/i0.wp.com\/www.paparazzinews.com.br\/wp-content\/uploads\/2024\/11\/54ea5bab-d206-44ff-be49-3761f559aa71.jpeg?fit=719%2C600&ssl=1","views":"1327","jetpack_likes_enabled":true,"jetpack_sharing_enabled":true,"_links":{"self":[{"href":"https:\/\/www.paparazzinews.com.br\/index.php?rest_route=\/wp\/v2\/posts\/13101","targetHints":{"allow":["GET"]}}],"collection":[{"href":"https:\/\/www.paparazzinews.com.br\/index.php?rest_route=\/wp\/v2\/posts"}],"about":[{"href":"https:\/\/www.paparazzinews.com.br\/index.php?rest_route=\/wp\/v2\/types\/post"}],"author":[{"embeddable":true,"href":"https:\/\/www.paparazzinews.com.br\/index.php?rest_route=\/wp\/v2\/users\/1"}],"replies":[{"embeddable":true,"href":"https:\/\/www.paparazzinews.com.br\/index.php?rest_route=%2Fwp%2Fv2%2Fcomments&post=13101"}],"version-history":[{"count":1,"href":"https:\/\/www.paparazzinews.com.br\/index.php?rest_route=\/wp\/v2\/posts\/13101\/revisions"}],"predecessor-version":[{"id":13103,"href":"https:\/\/www.paparazzinews.com.br\/index.php?rest_route=\/wp\/v2\/posts\/13101\/revisions\/13103"}],"wp:featuredmedia":[{"embeddable":true,"href":"https:\/\/www.paparazzinews.com.br\/index.php?rest_route=\/wp\/v2\/media\/13102"}],"wp:attachment":[{"href":"https:\/\/www.paparazzinews.com.br\/index.php?rest_route=%2Fwp%2Fv2%2Fmedia&parent=13101"}],"wp:term":[{"taxonomy":"category","embeddable":true,"href":"https:\/\/www.paparazzinews.com.br\/index.php?rest_route=%2Fwp%2Fv2%2Fcategories&post=13101"},{"taxonomy":"post_tag","embeddable":true,"href":"https:\/\/www.paparazzinews.com.br\/index.php?rest_route=%2Fwp%2Fv2%2Ftags&post=13101"}],"curies":[{"name":"wp","href":"https:\/\/api.w.org\/{rel}","templated":true}]}}