{"id":13092,"date":"2024-11-06T10:06:46","date_gmt":"2024-11-06T13:06:46","guid":{"rendered":"https:\/\/www.paparazzinews.com.br\/?p=13092"},"modified":"2024-11-06T10:06:47","modified_gmt":"2024-11-06T13:06:47","slug":"pec-da-saude-entenda-cinco-pontos-da-proposta-de-desvincular-receita-da-educacao","status":"publish","type":"post","link":"https:\/\/www.paparazzinews.com.br\/?p=13092","title":{"rendered":"PEC da Sa\u00fade: entenda cinco pontos da proposta de desvincular receita da Educa\u00e7\u00e3o"},"content":{"rendered":"\n<p>A\u00a0<a href=\"https:\/\/www.agenciasp.sp.gov.br\/projeto-em-sp-desvincula-receita-e-permite-mais-repasses-para-a-saude-quando-houver-aumento-da-arrecadacao\/#\">Proposta de Emenda Constitucional (PEC) do Governo de S\u00e3o Paulo que prop\u00f5e flexibilizar o repasse de at\u00e9 5% da receita estadual da Educa\u00e7\u00e3o para a Sa\u00fade<\/a>\u00a0come\u00e7a a ser discutida nesta ter\u00e7a-feira (05) pela Assembleia Legislativa do Estado (Alesp). A informa\u00e7\u00e3o \u00e9 da Ag\u00eancia SP.<\/p>\n\n\n\n<p>A Constitui\u00e7\u00e3o Estadual determina que pelo menos 30% do or\u00e7amento seja destinado \u00e0 Educa\u00e7\u00e3o, percentual que excede 5% o determinado por lei federal. A medida vai permitir que esse excedente possa ser direcionado para investimentos na Sa\u00fade quando houver necessidade.<\/p>\n\n\n\n<h2 class=\"wp-block-heading\">Entenda cinco pontos da PEC da Sa\u00fade:<\/h2>\n\n\n\n<h3 class=\"wp-block-heading\">A proposta vai cortar dinheiro da educa\u00e7\u00e3o?<\/h3>\n\n\n\n<p>N\u00e3o. \u201cA PEC n\u00e3o \u00e9 um corte na Educa\u00e7\u00e3o, porque hoje os recursos definidos para a \u00e1rea s\u00e3o com base nos 25% estabelecidos na Constitui\u00e7\u00e3o Federal\u201d, explica o secret\u00e1rio-executivo da Educa\u00e7\u00e3o, Vin\u00edcius Neiva. Ele ressalta que o governo paulista tem aumentado os investimentos em Educa\u00e7\u00e3o. Entre 2023 e 2024, houve um acr\u00e9scimo de quase R$ 3 bilh\u00f5es, o que representa um salto de 8%. \u201c\u00c9 importante tranquilizar a popula\u00e7\u00e3o de que o or\u00e7amento da Educa\u00e7\u00e3o continua sendo robusto, fazendo face \u00e0s nossas necessidades e n\u00e3o ser\u00e1 prejudicada pela PEC\u201d, completa o secret\u00e1rio-executivo.<\/p>\n\n\n\n<h3 class=\"wp-block-heading\">A PEC vai cortar verba de alguma \u00e1rea da Educa\u00e7\u00e3o?<\/h3>\n\n\n\n<p>N\u00e3o. O secret\u00e1rio-executivo da Educa\u00e7\u00e3o, Vin\u00edcius Neiva, refor\u00e7a que a PEC n\u00e3o ter\u00e1 impacto no or\u00e7amento da alimenta\u00e7\u00e3o dos alunos, nos investimentos feitos em infraestrutura e equipamentos e nem nos sal\u00e1rios dos professores. \u201cA medida n\u00e3o ir\u00e1 reduzir recursos do custeio e investimentos das escolas estaduais vinculadas \u00e0 Secretaria da Educa\u00e7\u00e3o (Seduc-SP)\u201d, afirma.<\/p>\n\n\n\n<h3 class=\"wp-block-heading\">Por que flexibilizar o uso desses 5% excedentes?<\/h3>\n\n\n\n<p>Estudos apontam uma tend\u00eancia persistente de expans\u00e3o dos gastos p\u00fablicos com a Sa\u00fade no Estado, o que pode ser explicado em raz\u00e3o do aumento da expectativa de vida da popula\u00e7\u00e3o e dos avan\u00e7os tecnol\u00f3gicos, com a incorpora\u00e7\u00e3o de novos tratamentos e medicamentos, inclusive aqueles de custo elevado no \u00e2mbito do Sistema \u00danico de Sa\u00fade (SUS). \u201cCom essa medida \u00e9 poss\u00edvel fortalecer o sistema de sa\u00fade, permitindo uma cobertura ampla, com menos filas e tratamentos eficazes. O envelhecimento da popula\u00e7\u00e3o aumenta a press\u00e3o para um investimento maior que entregue um servi\u00e7o de qualidade\u201d, ressaltou o secret\u00e1rio de Estado da Sa\u00fade, Eleuses Paiva.<\/p>\n\n\n\n<p>As altera\u00e7\u00f5es na pir\u00e2mide demogr\u00e1fica, o crescimento da expectativa de vida e da preval\u00eancia de doen\u00e7as cr\u00f4nicas e comorbidades, al\u00e9m do aumento do diagn\u00f3stico de c\u00e2ncer, demandam um servi\u00e7o b\u00e1sico para atender \u00e0s necessidades dos idosos, como infraestrutura para hospitais de longa perman\u00eancia, cl\u00ednicas especializadas e programas de cuidados geri\u00e1tricos.<\/p>\n\n\n\n<h3 class=\"wp-block-heading\">A Educa\u00e7\u00e3o vai sofrer com cortes de vagas?<\/h3>\n\n\n\n<p>N\u00e3o. Nos \u00faltimos anos, houve uma diminui\u00e7\u00e3o gradativa do n\u00famero de procura por matr\u00edculas de crian\u00e7as. Em janeiro de 2015, cerca de 3,8 milh\u00f5es de alunos se matricularam na rede estadual. Em janeiro de 2024, foram 3,3 milh\u00f5es, uma diminui\u00e7\u00e3o de quase 15% dos matriculados. \u201cHoje, as fam\u00edlias s\u00e3o menores e isso reflete no n\u00famero de matr\u00edculas\u201d, afirma Neiva.<\/p>\n\n\n\n<h3 class=\"wp-block-heading\">Como ficam as Etecs, Fatecs e universidades estaduais?<\/h3>\n\n\n\n<p>A PEC da Sa\u00fade n\u00e3o impactar\u00e1 o or\u00e7amento do Centro Paula Souza para Etecs e Fatecs ou das universidades estaduais. A nova lei n\u00e3o permite redu\u00e7\u00e3o de recursos do custeio de investimentos da Fun\u00e7\u00e3o Educa\u00e7\u00e3o, como escolas estaduais vinculadas \u00e0 Secretaria da Educa\u00e7\u00e3o (Seduc-SP) e o or\u00e7amento do Centro Paula Souza para Etecs, Fatecs ou universidades estaduais. \u201cN\u00e3o haver\u00e1 impacto no or\u00e7amento da Secretaria da Educa\u00e7\u00e3o\u201d, afirma Neiva.<\/p>\n\n\n\n<p><strong><em><strong><em><strong><em><strong><em><strong><em><strong><em><strong><em><strong><em><strong>Siga nossas redes sociais no\u00a0<a href=\"https:\/\/www.instagram.com\/ronipaparazzi\/\">Instagram\u00a0<\/a>e\u00a0<a href=\"https:\/\/www.facebook.com\/ronipaparazzicomvoce\">Facebook<\/a>\u00a0participe da nossa comunidade do Canal Roni Paparazzi no Whatsapp e receba as principais not\u00edcias da regi\u00e3o de Ara\u00e7atuba do dia direto no seu celular.<\/strong>\u00a0<a href=\"https:\/\/chat.whatsapp.com\/GsG1XKo0jPOEfjzudWQcml\" target=\"_blank\" rel=\"noreferrer noopener\">\u00a0Clique aqui e se inscreva.<\/a><\/em><\/strong><\/em><\/strong><\/em><\/strong><\/em><\/strong><\/em><\/strong><\/em><\/strong><\/em><\/strong><\/em><\/strong><\/p>\n","protected":false},"excerpt":{"rendered":"<p>A\u00a0Proposta de Emenda Constitucional (PEC) do Governo de S\u00e3o Paulo que prop\u00f5e flexibilizar o repasse de at\u00e9 5% da receita estadual da Educa\u00e7\u00e3o para a Sa\u00fade\u00a0come\u00e7a a ser discutida nesta ter\u00e7a-feira (05) pela Assembleia Legislativa do Estado (Alesp). A informa\u00e7\u00e3o \u00e9 da Ag\u00eancia SP. A Constitui\u00e7\u00e3o Estadual determina que pelo menos 30% do or\u00e7amento seja &hellip;<\/p>\n","protected":false},"author":1,"featured_media":13093,"comment_status":"open","ping_status":"open","sticky":false,"template":"","format":"standard","meta":{"_jetpack_memberships_contains_paid_content":false,"footnotes":"","jetpack_publicize_message":"","jetpack_publicize_feature_enabled":true,"jetpack_social_post_already_shared":false,"jetpack_social_options":{"image_generator_settings":{"template":"highway","default_image_id":0,"enabled":false},"version":2}},"categories":[4],"tags":[],"class_list":["post-13092","post","type-post","status-publish","format-standard","has-post-thumbnail","hentry","category-regiao"],"jetpack_publicize_connections":[],"jetpack_featured_media_url":"https:\/\/i0.wp.com\/www.paparazzinews.com.br\/wp-content\/uploads\/2024\/11\/Saude-1536x1024-1.jpg?fit=1536%2C1024&ssl=1","views":"1262","jetpack_likes_enabled":true,"jetpack_sharing_enabled":true,"_links":{"self":[{"href":"https:\/\/www.paparazzinews.com.br\/index.php?rest_route=\/wp\/v2\/posts\/13092","targetHints":{"allow":["GET"]}}],"collection":[{"href":"https:\/\/www.paparazzinews.com.br\/index.php?rest_route=\/wp\/v2\/posts"}],"about":[{"href":"https:\/\/www.paparazzinews.com.br\/index.php?rest_route=\/wp\/v2\/types\/post"}],"author":[{"embeddable":true,"href":"https:\/\/www.paparazzinews.com.br\/index.php?rest_route=\/wp\/v2\/users\/1"}],"replies":[{"embeddable":true,"href":"https:\/\/www.paparazzinews.com.br\/index.php?rest_route=%2Fwp%2Fv2%2Fcomments&post=13092"}],"version-history":[{"count":1,"href":"https:\/\/www.paparazzinews.com.br\/index.php?rest_route=\/wp\/v2\/posts\/13092\/revisions"}],"predecessor-version":[{"id":13094,"href":"https:\/\/www.paparazzinews.com.br\/index.php?rest_route=\/wp\/v2\/posts\/13092\/revisions\/13094"}],"wp:featuredmedia":[{"embeddable":true,"href":"https:\/\/www.paparazzinews.com.br\/index.php?rest_route=\/wp\/v2\/media\/13093"}],"wp:attachment":[{"href":"https:\/\/www.paparazzinews.com.br\/index.php?rest_route=%2Fwp%2Fv2%2Fmedia&parent=13092"}],"wp:term":[{"taxonomy":"category","embeddable":true,"href":"https:\/\/www.paparazzinews.com.br\/index.php?rest_route=%2Fwp%2Fv2%2Fcategories&post=13092"},{"taxonomy":"post_tag","embeddable":true,"href":"https:\/\/www.paparazzinews.com.br\/index.php?rest_route=%2Fwp%2Fv2%2Ftags&post=13092"}],"curies":[{"name":"wp","href":"https:\/\/api.w.org\/{rel}","templated":true}]}}