{"id":13086,"date":"2024-11-06T10:01:48","date_gmt":"2024-11-06T13:01:48","guid":{"rendered":"https:\/\/www.paparazzinews.com.br\/?p=13086"},"modified":"2024-11-06T10:01:49","modified_gmt":"2024-11-06T13:01:49","slug":"concurso-de-redacao-sobre-mudancas-climaticas-chega-na-fase-semifinal-com-114-textos","status":"publish","type":"post","link":"https:\/\/www.paparazzinews.com.br\/?p=13086","title":{"rendered":"Concurso de reda\u00e7\u00e3o sobre mudan\u00e7as clim\u00e1ticas chega na fase semifinal com 114 textos"},"content":{"rendered":"\n<p>O concurso de reda\u00e7\u00e3o sobre mudan\u00e7as clim\u00e1ticas promovido pelo Governo do Estado de S\u00e3o Paulo tem 114 textos selecionados para a fase semifinal. Mais de 340 estudantes est\u00e3o entre os escolhidos. O resultado sai no dia 22 de novembro.\u00a0A informa\u00e7\u00e3o \u00e9 da Ag\u00eancia SP.<\/p>\n\n\n\n<p>Lan\u00e7ada no Dia Mundial do Meio Ambiente, a iniciativa busca promover a conscientiza\u00e7\u00e3o sobre as mudan\u00e7as clim\u00e1ticas, incentivando a comunidade escolar a desenvolver projetos e adotar medidas que contribuam para a redu\u00e7\u00e3o das emiss\u00f5es de g\u00e1s carb\u00f4nico e a preserva\u00e7\u00e3o do planeta.&nbsp;<\/p>\n\n\n\n<p>Coordenado pelas secretarias de Meio Ambiente, Infraestrutura e Log\u00edstica (Semil) e pela Educa\u00e7\u00e3o (Seduc), o concurso \u201cAdapta Escola SP: Mudan\u00e7as Clim\u00e1ticas e as A\u00e7\u00f5es das Comunidades Escolares do Estado de S\u00e3o Paulo\u201d teve as inscri\u00e7\u00f5es abertas em agosto, na volta \u00e0s aulas do segundo semestre. Puderam participar estudantes do Ensino Fundamental e Ensino M\u00e9dio. A competi\u00e7\u00e3o foi dividida em tr\u00eas categorias: Anos Iniciais do Ensino Fundamental (5\u00ba ano), Anos Finais do Ensino Fundamental (6\u00ba ao 9\u00ba ano) e Ensino M\u00e9dio (1\u00aa \u00e0 3\u00aa s\u00e9rie).&nbsp;&nbsp;<\/p>\n\n\n\n<p>As 114 reda\u00e7\u00f5es selecionadas na semifinal ser\u00e3o encaminhadas agora para a Seduc, que vai escolher nove textos, tr\u00eas por categoria. Por fim, a Semil os classificar\u00e1 em primeiro, segundo e terceiro lugar. Entre as reda\u00e7\u00f5es recebidas nessa fase, 12 s\u00e3o dos anos iniciais do Ensino Fundamental, 47 dos anos finais do Ensino Fundamental e 55 do Ensino M\u00e9dio.&nbsp;&nbsp;&nbsp;<\/p>\n\n\n\n<p>As reda\u00e7\u00f5es abordaram o tema \u201cMudan\u00e7as Clim\u00e1ticas\u201d e exploraram aspectos de mitiga\u00e7\u00e3o e adapta\u00e7\u00e3o, com diferentes g\u00eaneros textuais para cada categoria: os alunos de 5\u00ba ano do Ensino Fundamental produziram textos seguindo a linha \u201cVoc\u00ea sabia que\u2026\u201d, enquanto os das outras categorias (6\u00ba ao 9\u00ba ano do Ensino Fundamental e Ensino M\u00e9dio) criaram textos dissertativos argumentativos.&nbsp;<\/p>\n\n\n\n<p>Cada equipe foi composta por tr\u00eas alunos de uma unidade escolar, com o acompanhamento de um professor orientador. As reda\u00e7\u00f5es foram avaliadas com base em crit\u00e9rios como originalidade, capacidade de comunica\u00e7\u00e3o, desenvolvimento do tema e qualidade da escrita.&nbsp;<\/p>\n\n\n\n<p>O resultado final ser\u00e1 divulgado no site das secretarias, e a premia\u00e7\u00e3o ocorrer\u00e1 no dia 29 de novembro de 2024, em local a ser definido. Os pr\u00eamios ser\u00e3o leitores de livros digitais, tablets e notebooks.<\/p>\n\n\n\n<p><strong><em><strong><em><strong><em><strong><em><strong><em><strong><em><strong><em><strong><em><strong>Siga nossas redes sociais no\u00a0<a href=\"https:\/\/www.instagram.com\/ronipaparazzi\/\">Instagram\u00a0<\/a>e\u00a0<a href=\"https:\/\/www.facebook.com\/ronipaparazzicomvoce\">Facebook<\/a>\u00a0participe da nossa comunidade do Canal Roni Paparazzi no Whatsapp e receba as principais not\u00edcias da regi\u00e3o de Ara\u00e7atuba do dia direto no seu celular.<\/strong>\u00a0<a href=\"https:\/\/chat.whatsapp.com\/GsG1XKo0jPOEfjzudWQcml\" target=\"_blank\" rel=\"noreferrer noopener\">\u00a0Clique aqui e se inscreva.<\/a><\/em><\/strong><\/em><\/strong><\/em><\/strong><\/em><\/strong><\/em><\/strong><\/em><\/strong><\/em><\/strong><\/em><\/strong><\/p>\n","protected":false},"excerpt":{"rendered":"<p>O concurso de reda\u00e7\u00e3o sobre mudan\u00e7as clim\u00e1ticas promovido pelo Governo do Estado de S\u00e3o Paulo tem 114 textos selecionados para a fase semifinal. Mais de 340 estudantes est\u00e3o entre os escolhidos. O resultado sai no dia 22 de novembro.\u00a0A informa\u00e7\u00e3o \u00e9 da Ag\u00eancia SP. Lan\u00e7ada no Dia Mundial do Meio Ambiente, a iniciativa busca promover &hellip;<\/p>\n","protected":false},"author":1,"featured_media":13087,"comment_status":"open","ping_status":"open","sticky":false,"template":"","format":"standard","meta":{"_jetpack_memberships_contains_paid_content":false,"footnotes":"","jetpack_publicize_message":"","jetpack_publicize_feature_enabled":true,"jetpack_social_post_already_shared":false,"jetpack_social_options":{"image_generator_settings":{"template":"highway","default_image_id":0,"enabled":false},"version":2}},"categories":[4],"tags":[],"class_list":["post-13086","post","type-post","status-publish","format-standard","has-post-thumbnail","hentry","category-regiao"],"jetpack_publicize_connections":[],"jetpack_featured_media_url":"https:\/\/i0.wp.com\/www.paparazzinews.com.br\/wp-content\/uploads\/2024\/11\/Ensino-Medio_escola-publica-1536x1024-1.jpg?fit=1536%2C1024&ssl=1","views":"1235","jetpack_likes_enabled":true,"jetpack_sharing_enabled":true,"_links":{"self":[{"href":"https:\/\/www.paparazzinews.com.br\/index.php?rest_route=\/wp\/v2\/posts\/13086","targetHints":{"allow":["GET"]}}],"collection":[{"href":"https:\/\/www.paparazzinews.com.br\/index.php?rest_route=\/wp\/v2\/posts"}],"about":[{"href":"https:\/\/www.paparazzinews.com.br\/index.php?rest_route=\/wp\/v2\/types\/post"}],"author":[{"embeddable":true,"href":"https:\/\/www.paparazzinews.com.br\/index.php?rest_route=\/wp\/v2\/users\/1"}],"replies":[{"embeddable":true,"href":"https:\/\/www.paparazzinews.com.br\/index.php?rest_route=%2Fwp%2Fv2%2Fcomments&post=13086"}],"version-history":[{"count":1,"href":"https:\/\/www.paparazzinews.com.br\/index.php?rest_route=\/wp\/v2\/posts\/13086\/revisions"}],"predecessor-version":[{"id":13088,"href":"https:\/\/www.paparazzinews.com.br\/index.php?rest_route=\/wp\/v2\/posts\/13086\/revisions\/13088"}],"wp:featuredmedia":[{"embeddable":true,"href":"https:\/\/www.paparazzinews.com.br\/index.php?rest_route=\/wp\/v2\/media\/13087"}],"wp:attachment":[{"href":"https:\/\/www.paparazzinews.com.br\/index.php?rest_route=%2Fwp%2Fv2%2Fmedia&parent=13086"}],"wp:term":[{"taxonomy":"category","embeddable":true,"href":"https:\/\/www.paparazzinews.com.br\/index.php?rest_route=%2Fwp%2Fv2%2Fcategories&post=13086"},{"taxonomy":"post_tag","embeddable":true,"href":"https:\/\/www.paparazzinews.com.br\/index.php?rest_route=%2Fwp%2Fv2%2Ftags&post=13086"}],"curies":[{"name":"wp","href":"https:\/\/api.w.org\/{rel}","templated":true}]}}