{"id":13080,"date":"2024-11-06T09:56:58","date_gmt":"2024-11-06T12:56:58","guid":{"rendered":"https:\/\/www.paparazzinews.com.br\/?p=13080"},"modified":"2024-11-06T09:56:59","modified_gmt":"2024-11-06T12:56:59","slug":"centro-de-recuperacao-de-animais-silvestres-em-sp-recebe-163-aves-resgatadas-do-trafico","status":"publish","type":"post","link":"https:\/\/www.paparazzinews.com.br\/?p=13080","title":{"rendered":"Centro de recupera\u00e7\u00e3o de animais silvestres em SP recebe 163 aves resgatadas do tr\u00e1fico"},"content":{"rendered":"\n<p>O Centro de Triagem e Reabilita\u00e7\u00e3o de Animais Silvestres (Cetras) de S\u00e3o Paulo recebeu 163 aves procedentes do tr\u00e1fico de animais, entre elas filhotes de araras-canind\u00e9, vermelha e azul, esp\u00e9cies amea\u00e7adas de extin\u00e7\u00e3o. Os bichos foram encontrados aglomerados no porta-malas de um carro, privados de alimenta\u00e7\u00e3o, e os beb\u00eas, com baixo peso, famintos, com les\u00f5es e sinais de desidrata\u00e7\u00e3o, al\u00e9m dos que j\u00e1 estavam sem vida. A informa\u00e7\u00e3o \u00e9 da Ag\u00eancia SP.<\/p>\n\n\n\n<figure class=\"wp-block-image\"><img data-recalc-dims=\"1\" height=\"499\" width=\"708\" decoding=\"async\" src=\"https:\/\/i0.wp.com\/www.agenciasp.sp.gov.br\/wp-content\/uploads\/2024\/11\/54117073023_49a2c48fe0_k-1024x721.jpg?resize=708%2C499\" alt=\"\" class=\"wp-image-28462\"\/><figcaption class=\"wp-element-caption\">Os animais estavam privados de alimenta\u00e7\u00e3o.<\/figcaption><\/figure>\n\n\n\n<p>A apreens\u00e3o foi realizada pela Pol\u00edcia Militar, no centro de Guararema, na regi\u00e3o metropolitana de S\u00e3o Paulo, ap\u00f3s den\u00fancia. Os animais estavam no porta-malas de um ve\u00edculo, em condi\u00e7\u00f5es prec\u00e1rias, em caixas improvisadas de papel\u00e3o e madeira. Havia 36 filhotes de araras-canind\u00e9 vermelha e azul, 125 p\u00e1ssaros jovens e adultos das esp\u00e9cies coleirinha, papa-capim e tiziu, e dois da esp\u00e9cie rolinha-fogo-apagou. Pelo menos 20 j\u00e1 estavam mortos. O motorista teria comprado as aves em uma feira ilegal em S\u00e3o Paulo para revend\u00ea-las.<\/p>\n\n\n\n<p>As aves foram levadas pela Pol\u00edcia Ambiental ao Cetras-SP, mantido pela<a href=\"https:\/\/semil.sp.gov.br\/\">&nbsp;Secretaria de Meio Ambiente, Infraestrutura e Log\u00edstica (Semil)<\/a>&nbsp;do Estado de S\u00e3o Paulo, que conta com uma equipe multidisciplinar composta por tratadores de animais, t\u00e9cnicos, bi\u00f3logos e veterin\u00e1rios. L\u00e1, estar\u00e3o protegidas, acolhidas e permanecer\u00e3o em ambiente com temperatura e umidade adequadas, al\u00e9m de receber tratamento e alimenta\u00e7\u00e3o especial de acordo com cada esp\u00e9cie.<\/p>\n\n\n\n<figure class=\"wp-block-image\"><img data-recalc-dims=\"1\" height=\"472\" width=\"708\" decoding=\"async\" src=\"https:\/\/i0.wp.com\/www.agenciasp.sp.gov.br\/wp-content\/uploads\/2024\/11\/54117072043_7e7add337b_k-1024x683.jpg?resize=708%2C472\" alt=\"\" class=\"wp-image-28460\"\/><figcaption class=\"wp-element-caption\">Com essa apreens\u00e3o, o centro totaliza 1.293 animais, entre eles 322 filhotes, vindos tanto de apreens\u00f5es quanto de resgates.<\/figcaption><\/figure>\n\n\n\n<p>Com essa apreens\u00e3o, o centro totaliza 1.293 animais, entre eles 322 filhotes, vindos tanto de apreens\u00f5es quanto de resgates. Segundo Lilian Sayuri Fitorra, diretora t\u00e9cnica do Cetras-SP, de janeiro a outubro de 2024, a unidade recebeu 6.770 animais, sendo 3.418 provenientes de apreens\u00e3o, 802 de entregas espont\u00e2neas, 2.465 de resgates e 85 de outras origens.<\/p>\n\n\n\n<figure class=\"wp-block-image\"><img data-recalc-dims=\"1\" height=\"472\" width=\"708\" decoding=\"async\" src=\"https:\/\/i0.wp.com\/www.agenciasp.sp.gov.br\/wp-content\/uploads\/2024\/11\/54117135074_80084a3e11_k-1024x683.jpg?resize=708%2C472\" alt=\"\" class=\"wp-image-28459\"\/><figcaption class=\"wp-element-caption\">Os beb\u00eas estavam com baixo peso, famintos, com les\u00f5es e sinais de desidrata\u00e7\u00e3o.<\/figcaption><\/figure>\n\n\n\n<p>\u201cS\u00e3o esp\u00e9cies resgatadas de tr\u00e1fico nacional e internacional, v\u00edtimas de atropelamentos, de colis\u00e3o em vidra\u00e7as, de acidentes com linhas de pipa, eletrocutados, feridos por proj\u00e9til, agredidos por pessoas, atacados por animais dom\u00e9sticos ou ainda filhotes \u00f3rf\u00e3os\u201d, disse. Isso significa mais de 22 animais a cada dia sendo recebidos para o processo de recupera\u00e7\u00e3o. \u201cO tr\u00e1fico segue como o maior motivo dos recebimentos, especialmente de aves, que s\u00e3o encontradas sempre em situa\u00e7\u00f5es muito prec\u00e1rias.\u201d<\/p>\n\n\n\n<p>Praticamente todos os dias o Cetras recebe animais procedentes do tr\u00e1fico. \u201cEste \u00e9 um problema que n\u00e3o vai acabar enquanto tiver algu\u00e9m comprando\u201d, explica a diretora.<\/p>\n\n\n\n<figure class=\"wp-block-image\"><img data-recalc-dims=\"1\" height=\"472\" width=\"708\" decoding=\"async\" src=\"https:\/\/i0.wp.com\/www.agenciasp.sp.gov.br\/wp-content\/uploads\/2024\/11\/54117135124_142a596dd9_k-1024x683.jpg?resize=708%2C472\" alt=\"\" class=\"wp-image-28457\"\/><figcaption class=\"wp-element-caption\">Havia 36 filhotes de araras-canind\u00e9 vermelha e azul, 125 p\u00e1ssaros jovens e adultos das esp\u00e9cies coleirinha, papa-capim e tiziu, e dois da esp\u00e9cie rolinha-fogo-apagou.<\/figcaption><\/figure>\n\n\n\n<p>As pessoas que compram animais silvestres no mercado ilegal n\u00e3o imaginam a dimens\u00e3o do mal que fazem aos bichos e dos preju\u00edzos que causam \u00e0 biodiversidade. Al\u00e9m de priv\u00e1-los de viverem livremente em seu habitat natural, mantendo-os em cativeiro de forma inadequada, fazem deles seus pets de estima\u00e7\u00e3o. E, muitas vezes, cuidam apenas enquanto s\u00e3o filhotes. Depois, pela dificuldade no manejo, pela altera\u00e7\u00e3o comportamental na fase adulta e pelo alto custo do tratamento, acabam soltando os animais em qualquer lugar ou entregando-os voluntariamente a um centro, como o Cetras.<\/p>\n\n\n\n<p>Assim como manter em cativeiro um animal sem proced\u00eancia legal, a soltura irregular tamb\u00e9m \u00e9 crime. A orienta\u00e7\u00e3o para quem possui um animal silvestre irregular \u00e9 procurar o Cetras mais pr\u00f3ximo para realizar a entrega volunt\u00e1ria, que \u00e9 amparada por lei.<\/p>\n\n\n\n<p>O Cetras mant\u00e9m os animais at\u00e9 estarem recuperados e prontos para soltura. O tempo de reabilita\u00e7\u00e3o \u00e9 diferenciado entre as esp\u00e9cies, podendo variar de uma semana a dois anos com todos os aspectos biol\u00f3gicos avaliados para a destina\u00e7\u00e3o correta de cada animal, sempre com a prioridade de devolu\u00e7\u00e3o para a natureza.<\/p>\n\n\n\n<figure class=\"wp-block-image\"><img data-recalc-dims=\"1\" height=\"472\" width=\"708\" decoding=\"async\" src=\"https:\/\/i0.wp.com\/www.agenciasp.sp.gov.br\/wp-content\/uploads\/2024\/11\/54115940257_3701407d48_k-1024x683.jpg?resize=708%2C472\" alt=\"\" class=\"wp-image-28461\"\/><figcaption class=\"wp-element-caption\">S\u00e3o esp\u00e9cies resgatadas de tr\u00e1fico nacional e internacional, v\u00edtimas de atropelamentos, de colis\u00e3o em vidra\u00e7as, de acidentes com linhas de pipa, eletrocutados, feridos por proj\u00e9til, agredidos por pessoas, atacados por animais dom\u00e9sticos ou ainda filhotes \u00f3rf\u00e3os.<\/figcaption><\/figure>\n\n\n\n<p>Dos animais reabilitados pelo centro em 2024, 74,5% j\u00e1 foram devolvidos \u00e0 natureza e 25,5%, entregues a institui\u00e7\u00f5es de apoio. Isso significa que mais de um quarto desses bichos, que poderiam estar em seu habitat natural, acaba vivendo em cativeiro por sequelas das ocorr\u00eancias. Uma arara, por exemplo, que vive em m\u00e9dia 70 anos, pode passar a vida toda numa gaiola, sem poder voar livremente.<\/p>\n\n\n\n<figure class=\"wp-block-image\"><img data-recalc-dims=\"1\" height=\"472\" width=\"708\" decoding=\"async\" src=\"https:\/\/i0.wp.com\/www.agenciasp.sp.gov.br\/wp-content\/uploads\/2024\/11\/54116800346_812a0cce15_k-1024x683.jpg?resize=708%2C472\" alt=\"\" class=\"wp-image-28466\"\/><figcaption class=\"wp-element-caption\">Os bichos foram encontrados aglomerados no porta-malas de um carro.<\/figcaption><\/figure>\n\n\n\n<figure class=\"wp-block-image\"><img data-recalc-dims=\"1\" height=\"472\" width=\"708\" decoding=\"async\" src=\"https:\/\/i0.wp.com\/www.agenciasp.sp.gov.br\/wp-content\/uploads\/2024\/11\/54117266225_0f75892ca1_k-1024x683.jpg?resize=708%2C472\" alt=\"\" class=\"wp-image-28468\"\/><figcaption class=\"wp-element-caption\">Com essa apreens\u00e3o, o centro totaliza 1.293 animais, entre eles 322 filhotes, vindos tanto de apreens\u00f5es quanto de resgates.<\/figcaption><\/figure>\n\n\n\n<figure class=\"wp-block-image\"><img data-recalc-dims=\"1\" height=\"472\" width=\"708\" decoding=\"async\" src=\"https:\/\/i0.wp.com\/www.agenciasp.sp.gov.br\/wp-content\/uploads\/2024\/11\/54117265540_5e8c46cdac_k-1024x683.jpg?resize=708%2C472\" alt=\"\" class=\"wp-image-28464\"\/><figcaption class=\"wp-element-caption\">Os animais estavam no porta-malas de um ve\u00edculo, em condi\u00e7\u00f5es prec\u00e1rias, em caixas improvisadas de papel\u00e3o e madeira.<\/figcaption><\/figure>\n\n\n\n<figure class=\"wp-block-image\"><img data-recalc-dims=\"1\" height=\"478\" width=\"708\" decoding=\"async\" src=\"https:\/\/i0.wp.com\/www.agenciasp.sp.gov.br\/wp-content\/uploads\/2024\/11\/54116800051_b2a312031e_k-1024x692.jpg?resize=708%2C478\" alt=\"\" class=\"wp-image-28463\"\/><figcaption class=\"wp-element-caption\">Praticamente todos os dias o Cetras recebe animais procedentes do tr\u00e1fico.<\/figcaption><\/figure>\n\n\n\n<figure class=\"wp-block-image\"><img data-recalc-dims=\"1\" height=\"472\" width=\"708\" decoding=\"async\" src=\"https:\/\/i0.wp.com\/www.agenciasp.sp.gov.br\/wp-content\/uploads\/2024\/11\/54117266135_9bc9c6ecdc_k-1024x683.jpg?resize=708%2C472\" alt=\"\" class=\"wp-image-28467\"\/><figcaption class=\"wp-element-caption\">Aves estar\u00e3o protegidas, acolhidas e permanecer\u00e3o em ambiente com temperatura e umidade adequadas.<\/figcaption><\/figure>\n\n\n\n<figure class=\"wp-block-image\"><img data-recalc-dims=\"1\" height=\"472\" width=\"708\" decoding=\"async\" src=\"https:\/\/i0.wp.com\/www.agenciasp.sp.gov.br\/wp-content\/uploads\/2024\/11\/54116800316_4a01c1f5c6_k-1024x683.jpg?resize=708%2C472\" alt=\"\" class=\"wp-image-28465\"\/><figcaption class=\"wp-element-caption\">As aves foram levadas pela Pol\u00edcia Ambiental ao Cetras-SP, mantido pela Secretaria de Meio Ambiente, Infraestrutura e Log\u00edstica (Semil).<\/figcaption><\/figure>\n\n\n\n<h2 class=\"wp-block-heading\"><strong>Servi\u00e7o<\/strong><\/h2>\n\n\n\n<h3 class=\"wp-block-heading\">Saiba como denunciar tr\u00e1fico ou solicitar resgate<\/h3>\n\n\n\n<p>Den\u00fancias de tr\u00e1fico de animais silvestres ou solicita\u00e7\u00f5es de resgate podem ser encaminhadas aos seguintes canais:<\/p>\n\n\n\n<ul class=\"wp-block-list\">\n<li>Centro de Triagem e Recupera\u00e7\u00e3o de Animais Silvestres S\u00e3o Paulo (Cetras-SP): (11) 2823-2272 (capital), ou por whatsapp (11) 93045-8914.<\/li>\n\n\n\n<li>Pol\u00edcia Militar Ambiental, consulte:\u00a0<a href=\"https:\/\/www.policiamilitar.sp.gov.br\/\">https:\/\/www.policiamilitar.sp.gov.br<\/a><\/li>\n\n\n\n<li>Contate a unidade do Policiamento Ambiental mais pr\u00f3xima:\u00a0<a href=\"https:\/\/www.policiamilitar.sp.gov.br\/unidades\/ambiental\/localize.html\">https:\/\/www.policiamilitar.sp.gov.br\/unidades\/ambiental\/localize.html<\/a><\/li>\n\n\n\n<li>Ibama, atendimento telef\u00f4nico: 0800 061 8080<\/li>\n\n\n\n<li>Em casos de emerg\u00eancia ligue: 190<\/li>\n\n\n\n<li>Na cidade de S\u00e3o Paulo, Prefeitura: 156<\/li>\n\n\n\n<li>Contatos no interior de S\u00e3o Paulo,<a href=\"https:\/\/www.gov.br\/agricultura\/pt-br\/assuntos\/sanidade-animal-e-vegetal\/saude-animal\/programas-de-saude-animal\/pnsa\/influenza-aviaria\/manuais-planos-e-notas-tecnicas\/contato-dos-centros-de-triagens-cetas-e-dos-centros-de-recuperacao-cras-de-animais-do-estado-de-sao-paulo\">\u00a0clicando aqui<\/a>.<\/li>\n<\/ul>\n\n\n\n<p><strong><em><strong><em><strong><em><strong><em><strong><em><strong><em><strong><em><strong><em><strong>Siga nossas redes sociais no\u00a0<a href=\"https:\/\/www.instagram.com\/ronipaparazzi\/\">Instagram\u00a0<\/a>e\u00a0<a href=\"https:\/\/www.facebook.com\/ronipaparazzicomvoce\">Facebook<\/a>\u00a0participe da nossa comunidade do Canal Roni Paparazzi no Whatsapp e receba as principais not\u00edcias da regi\u00e3o de Ara\u00e7atuba do dia direto no seu celular.<\/strong>\u00a0<a href=\"https:\/\/chat.whatsapp.com\/GsG1XKo0jPOEfjzudWQcml\" target=\"_blank\" rel=\"noreferrer noopener\">\u00a0Clique aqui e se inscreva.<\/a><\/em><\/strong><\/em><\/strong><\/em><\/strong><\/em><\/strong><\/em><\/strong><\/em><\/strong><\/em><\/strong><\/em><\/strong><\/p>\n","protected":false},"excerpt":{"rendered":"<p>O Centro de Triagem e Reabilita\u00e7\u00e3o de Animais Silvestres (Cetras) de S\u00e3o Paulo recebeu 163 aves procedentes do tr\u00e1fico de animais, entre elas filhotes de araras-canind\u00e9, vermelha e azul, esp\u00e9cies amea\u00e7adas de extin\u00e7\u00e3o. Os bichos foram encontrados aglomerados no porta-malas de um carro, privados de alimenta\u00e7\u00e3o, e os beb\u00eas, com baixo peso, famintos, com les\u00f5es &hellip;<\/p>\n","protected":false},"author":1,"featured_media":13081,"comment_status":"open","ping_status":"open","sticky":false,"template":"","format":"standard","meta":{"_jetpack_memberships_contains_paid_content":false,"footnotes":"","jetpack_publicize_message":"","jetpack_publicize_feature_enabled":true,"jetpack_social_post_already_shared":false,"jetpack_social_options":{"image_generator_settings":{"template":"highway","default_image_id":0,"enabled":false},"version":2}},"categories":[4],"tags":[],"class_list":["post-13080","post","type-post","status-publish","format-standard","has-post-thumbnail","hentry","category-regiao"],"jetpack_publicize_connections":[],"jetpack_featured_media_url":"https:\/\/i0.wp.com\/www.paparazzinews.com.br\/wp-content\/uploads\/2024\/11\/54117073658_6d257e3cf7_k-1-1536x967-1.jpg?fit=1536%2C967&ssl=1","views":"1282","jetpack_likes_enabled":true,"jetpack_sharing_enabled":true,"_links":{"self":[{"href":"https:\/\/www.paparazzinews.com.br\/index.php?rest_route=\/wp\/v2\/posts\/13080","targetHints":{"allow":["GET"]}}],"collection":[{"href":"https:\/\/www.paparazzinews.com.br\/index.php?rest_route=\/wp\/v2\/posts"}],"about":[{"href":"https:\/\/www.paparazzinews.com.br\/index.php?rest_route=\/wp\/v2\/types\/post"}],"author":[{"embeddable":true,"href":"https:\/\/www.paparazzinews.com.br\/index.php?rest_route=\/wp\/v2\/users\/1"}],"replies":[{"embeddable":true,"href":"https:\/\/www.paparazzinews.com.br\/index.php?rest_route=%2Fwp%2Fv2%2Fcomments&post=13080"}],"version-history":[{"count":1,"href":"https:\/\/www.paparazzinews.com.br\/index.php?rest_route=\/wp\/v2\/posts\/13080\/revisions"}],"predecessor-version":[{"id":13082,"href":"https:\/\/www.paparazzinews.com.br\/index.php?rest_route=\/wp\/v2\/posts\/13080\/revisions\/13082"}],"wp:featuredmedia":[{"embeddable":true,"href":"https:\/\/www.paparazzinews.com.br\/index.php?rest_route=\/wp\/v2\/media\/13081"}],"wp:attachment":[{"href":"https:\/\/www.paparazzinews.com.br\/index.php?rest_route=%2Fwp%2Fv2%2Fmedia&parent=13080"}],"wp:term":[{"taxonomy":"category","embeddable":true,"href":"https:\/\/www.paparazzinews.com.br\/index.php?rest_route=%2Fwp%2Fv2%2Fcategories&post=13080"},{"taxonomy":"post_tag","embeddable":true,"href":"https:\/\/www.paparazzinews.com.br\/index.php?rest_route=%2Fwp%2Fv2%2Ftags&post=13080"}],"curies":[{"name":"wp","href":"https:\/\/api.w.org\/{rel}","templated":true}]}}