{"id":13077,"date":"2024-11-06T09:54:33","date_gmt":"2024-11-06T12:54:33","guid":{"rendered":"https:\/\/www.paparazzinews.com.br\/?p=13077"},"modified":"2024-11-06T09:54:34","modified_gmt":"2024-11-06T12:54:34","slug":"governo-de-sp-promove-semana-de-mobilizacao-contra-a-dengue","status":"publish","type":"post","link":"https:\/\/www.paparazzinews.com.br\/?p=13077","title":{"rendered":"Governo de SP promove semana de mobiliza\u00e7\u00e3o contra a dengue"},"content":{"rendered":"\n<p>A Semana Estadual de Mobiliza\u00e7\u00e3o contra as Arboviroses, promovida pelo Governo de S\u00e3o Paulo em parceria com a Secretaria de Estado da Sa\u00fade (SES), come\u00e7a na pr\u00f3xima segunda-feira (11) e vai at\u00e9 s\u00e1bado (16). A a\u00e7\u00e3o nesta \u00e9poca \u00e9 considerada essencial para prevenir e conscientizar a popula\u00e7\u00e3o, munic\u00edpios, organiza\u00e7\u00f5es p\u00fablicas e privadas sobre as a\u00e7\u00f5es de preven\u00e7\u00e3o e elimina\u00e7\u00e3o dos criadouros do mosquito Aedes aegypti, transmissor da dengue, zika e chikungunya. A informa\u00e7\u00e3o \u00e9 da Ag\u00eancia SP.<\/p>\n\n\n\n<p>At\u00e9 5 de novembro deste ano, o estado registrou mais de 2 milh\u00f5es de casos e 1.899 \u00f3bitos provocados pela dengue. A iniciativa, em parceria com os munic\u00edpios paulistas, tem o objetivo de antecipar e alertar sobre os riscos da doen\u00e7a, principalmente, devido \u00e0s mudan\u00e7as clim\u00e1ticas causadas pelo aumento de temperatura, chuvas e umidade \u2013 condi\u00e7\u00f5es que contribuem para que as transmiss\u00f5es de arboviroses prosperem mais rapidamente e em novos locais.<\/p>\n\n\n\n<p>\u201cA meta \u00e9 promover uma for\u00e7a-tarefa em todo o Estado, mobilizando e conscientizando a popula\u00e7\u00e3o sobre a import\u00e2ncia de adotar os cuidados necess\u00e1rios. Esse \u00e9 o per\u00edodo ideal para essas a\u00e7\u00f5es, visando prevenir o aumento de casos no ver\u00e3o, quando as chuvas favorecem a maior prolifera\u00e7\u00e3o do inseto\u201d, explica a diretora do Centro de Vigil\u00e2ncia Epidemiol\u00f3gica (CVE) da Secretaria de Estado da Sa\u00fade, Tatiana Lang.<\/p>\n\n\n\n<h2 class=\"wp-block-heading\">Investimentos de R$ 20 milh\u00f5es<\/h2>\n\n\n\n<p>Em 2024, o Governo de S\u00e3o Paulo anunciou investimentos de mais de R$ 20 milh\u00f5es como parte das medidas de enfrentamento \u00e0 doen\u00e7a. Os recursos foram anunciados pelo Centro de Opera\u00e7\u00f5es de Emerg\u00eancias (COE) e investidos na compra de 6 mil litros de adulticida, de medicamentos e insumos, de repelentes, de equipamentos de nebuliza\u00e7\u00e3o, al\u00e9m da abertura de novos leitos.<\/p>\n\n\n\n<p>A Secretaria de Estado da Sa\u00fade disponibilizou, tamb\u00e9m, capacita\u00e7\u00f5es aos trabalhadores da sa\u00fade dos 645 munic\u00edpios por meio de cursos e treinamentos online para manejo cl\u00ednico, organiza\u00e7\u00e3o dos servi\u00e7os, e atendimento para arboviroses. Atividades educativas em escolas, rodovias e pontos de grande circula\u00e7\u00e3o como esta\u00e7\u00f5es de trem e metr\u00f4, e campanha no carnaval, tamb\u00e9m foram promovidas.<\/p>\n\n\n\n<p>A pasta antecipou, tamb\u00e9m, o pagamento do IGM SUS Paulista, no montante de R$ 205 milh\u00f5es aos 645 munic\u00edpios.<\/p>\n\n\n\n<p>Para ampliar a transpar\u00eancia no acesso aos dados, o Governo lan\u00e7ou duas importantes ferramentas: o Painel de Monitoramento da Dengue (<a href=\"http:\/\/dengue.saude.sp.gov.br\/\">dengue.saude.sp.gov.br<\/a>) e o portal&nbsp;<a href=\"http:\/\/www.xn--dengue100dvidas-cvb.sp.gov.br\/\">www.dengue100d\u00favidas.sp.gov.br<\/a>.<\/p>\n\n\n\n<p>A SES tamb\u00e9m investiu para dar agilidade no resultado dos testes em at\u00e9 70%, no Instituto Adolfo Lutz (IAL), com automatiza\u00e7\u00e3o dos exames com novos equipamentos.<\/p>\n\n\n\n<p>Para conscientizar ainda mais a popula\u00e7\u00e3o, foi veiculada em diferentes m\u00eddias a campanha publicit\u00e1ria \u201cA \u00e1gua mais mortal pode estar no seu quintal\u201d.<\/p>\n\n\n\n<p>Ao longo do ano, foram realizados treinamentos com a Defesa Civil que, em parceria com a SES, promoveu a\u00e7\u00f5es nas rodovi\u00e1rias, CPTM e Metr\u00f4. Al\u00e9m disso, a SES contou com o apoio do Ex\u00e9rcito e da Defesa Civil nas atividades de limpeza urbana e orienta\u00e7\u00e3o \u00e0 popula\u00e7\u00e3o.<\/p>\n\n\n\n<p>Uma webconfer\u00eancia sobre \u201cManejo cl\u00ednico do paciente com dengue\u201d, juntamente com outras a\u00e7\u00f5es, foram desenvolvidas com a Coordenadoria de Regi\u00f5es de Sa\u00fade, Coordenadoria de Controle de Doen\u00e7as, e com os Departamentos Regionais de Sa\u00fade, Centro de Vigil\u00e2ncia Epidemiol\u00f3gica e Grupo de Vigil\u00e2ncia Epidemiol\u00f3gica.<\/p>\n\n\n\n<p>Foi elaborada nota informativa conjunta entre o Instituto Adolfo Lutz e o Centro de Vigil\u00e2ncia Epidemiol\u00f3gica sobre fluxos de notifica\u00e7\u00e3o, informa\u00e7\u00e3o, investiga\u00e7\u00e3o, encerramento oportuno e rotinas do laborat\u00f3rio.<\/p>\n\n\n\n<h2 class=\"wp-block-heading\">Tire suas d\u00favidas<\/h2>\n\n\n\n<p>O Governo de SP, por meio da Secretaria de Estado da Sa\u00fade, lan\u00e7ou o portal \u201cDengue 100 D\u00favidas\u201d com as cem perguntas mais frequentes sobre dengue, zika e chikungunya nos buscadores da internet. A ferramenta desmistifica as fake news que circulam nas redes sociais e orienta a popula\u00e7\u00e3o sobre as doen\u00e7as. O acesso est\u00e1 dispon\u00edvel no link:&nbsp;<a href=\"http:\/\/www.dengue100duvidas.sp.gov.br\/\">www.dengue100duvidas.sp.gov.br<\/a>.<\/p>\n\n\n\n<p><strong><em><strong><em><strong><em><strong><em><strong><em><strong><em><strong><em><strong><em><strong>Siga nossas redes sociais no\u00a0<a href=\"https:\/\/www.instagram.com\/ronipaparazzi\/\">Instagram\u00a0<\/a>e\u00a0<a href=\"https:\/\/www.facebook.com\/ronipaparazzicomvoce\">Facebook<\/a>\u00a0participe da nossa comunidade do Canal Roni Paparazzi no Whatsapp e receba as principais not\u00edcias da regi\u00e3o de Ara\u00e7atuba do dia direto no seu celular.<\/strong>\u00a0<a href=\"https:\/\/chat.whatsapp.com\/GsG1XKo0jPOEfjzudWQcml\" target=\"_blank\" rel=\"noreferrer noopener\">\u00a0Clique aqui e se inscreva.<\/a><\/em><\/strong><\/em><\/strong><\/em><\/strong><\/em><\/strong><\/em><\/strong><\/em><\/strong><\/em><\/strong><\/em><\/strong><\/p>\n","protected":false},"excerpt":{"rendered":"<p>A Semana Estadual de Mobiliza\u00e7\u00e3o contra as Arboviroses, promovida pelo Governo de S\u00e3o Paulo em parceria com a Secretaria de Estado da Sa\u00fade (SES), come\u00e7a na pr\u00f3xima segunda-feira (11) e vai at\u00e9 s\u00e1bado (16). A a\u00e7\u00e3o nesta \u00e9poca \u00e9 considerada essencial para prevenir e conscientizar a popula\u00e7\u00e3o, munic\u00edpios, organiza\u00e7\u00f5es p\u00fablicas e privadas sobre as a\u00e7\u00f5es &hellip;<\/p>\n","protected":false},"author":1,"featured_media":13078,"comment_status":"open","ping_status":"open","sticky":false,"template":"","format":"standard","meta":{"_jetpack_memberships_contains_paid_content":false,"footnotes":"","jetpack_publicize_message":"","jetpack_publicize_feature_enabled":true,"jetpack_social_post_already_shared":false,"jetpack_social_options":{"image_generator_settings":{"template":"highway","default_image_id":0,"enabled":false},"version":2}},"categories":[4],"tags":[],"class_list":["post-13077","post","type-post","status-publish","format-standard","has-post-thumbnail","hentry","category-regiao"],"jetpack_publicize_connections":[],"jetpack_featured_media_url":"https:\/\/i0.wp.com\/www.paparazzinews.com.br\/wp-content\/uploads\/2024\/11\/Mosquito-Aedes-aegypti.jpg?fit=1327%2C791&ssl=1","views":"741","jetpack_likes_enabled":true,"jetpack_sharing_enabled":true,"_links":{"self":[{"href":"https:\/\/www.paparazzinews.com.br\/index.php?rest_route=\/wp\/v2\/posts\/13077","targetHints":{"allow":["GET"]}}],"collection":[{"href":"https:\/\/www.paparazzinews.com.br\/index.php?rest_route=\/wp\/v2\/posts"}],"about":[{"href":"https:\/\/www.paparazzinews.com.br\/index.php?rest_route=\/wp\/v2\/types\/post"}],"author":[{"embeddable":true,"href":"https:\/\/www.paparazzinews.com.br\/index.php?rest_route=\/wp\/v2\/users\/1"}],"replies":[{"embeddable":true,"href":"https:\/\/www.paparazzinews.com.br\/index.php?rest_route=%2Fwp%2Fv2%2Fcomments&post=13077"}],"version-history":[{"count":1,"href":"https:\/\/www.paparazzinews.com.br\/index.php?rest_route=\/wp\/v2\/posts\/13077\/revisions"}],"predecessor-version":[{"id":13079,"href":"https:\/\/www.paparazzinews.com.br\/index.php?rest_route=\/wp\/v2\/posts\/13077\/revisions\/13079"}],"wp:featuredmedia":[{"embeddable":true,"href":"https:\/\/www.paparazzinews.com.br\/index.php?rest_route=\/wp\/v2\/media\/13078"}],"wp:attachment":[{"href":"https:\/\/www.paparazzinews.com.br\/index.php?rest_route=%2Fwp%2Fv2%2Fmedia&parent=13077"}],"wp:term":[{"taxonomy":"category","embeddable":true,"href":"https:\/\/www.paparazzinews.com.br\/index.php?rest_route=%2Fwp%2Fv2%2Fcategories&post=13077"},{"taxonomy":"post_tag","embeddable":true,"href":"https:\/\/www.paparazzinews.com.br\/index.php?rest_route=%2Fwp%2Fv2%2Ftags&post=13077"}],"curies":[{"name":"wp","href":"https:\/\/api.w.org\/{rel}","templated":true}]}}