{"id":13074,"date":"2024-11-06T09:50:33","date_gmt":"2024-11-06T12:50:33","guid":{"rendered":"https:\/\/www.paparazzinews.com.br\/?p=13074"},"modified":"2024-11-06T09:50:33","modified_gmt":"2024-11-06T12:50:33","slug":"saiba-como-ficarao-as-aulas-do-ensino-medio-na-rede-estadual-paulista-em-2025","status":"publish","type":"post","link":"https:\/\/www.paparazzinews.com.br\/?p=13074","title":{"rendered":"Saiba como ficar\u00e3o as aulas do Ensino M\u00e9dio na rede estadual paulista em 2025"},"content":{"rendered":"\n<p>Mais de 1 milh\u00e3o de estudantes do Ensino M\u00e9dio da Secretaria da Educa\u00e7\u00e3o do Estado de S\u00e3o Paulo (Seduc-SP) ter\u00e3o um novo modelo de aulas a partir de 2025. Al\u00e9m de mais aulas de matem\u00e1tica e l\u00edngua portuguesa, a partir do ano que vem todas as aulas ter\u00e3o 50 minutos de dura\u00e7\u00e3o, cinco minutos a mais do que atualmente.\u00a0A informa\u00e7\u00e3o \u00e9 da Ag\u00eancia SP.<\/p>\n\n\n\n<p>Com as mudan\u00e7as, os alunos da 3\u00aa s\u00e9rie ter\u00e3o um aumento de 78% do tempo das aulas de l\u00edngua portuguesa e de 33% de matem\u00e1tica. N\u00e3o h\u00e1 mudan\u00e7as nos itiner\u00e1rios formativos cursados pelos alunos a partir da 2\u00aa s\u00e9rie do Ensino M\u00e9dio. Os itiner\u00e1rios seguem com tr\u00eas op\u00e7\u00f5es de \u00e1reas de aprimoramento: duas acad\u00eamicas, exatas e humanas, e a t\u00e9cnica profissional.&nbsp;<\/p>\n\n\n\n<p>O secret\u00e1rio da Educa\u00e7\u00e3o, Renato Feder, afirma que as mudan\u00e7as impactar\u00e3o a qualidade do ensino oferecido aos estudantes da rede e o dia a dia dos professores.&nbsp;\u201cPara o professor e para o aluno, uma aula de 50 minutos tem muito mais qualidade, porque o professor sempre tem que investir um tempo na chamada, em organizar a turma, em abrir os cadernos. Ent\u00e3o, esse tempo faz muita diferen\u00e7a, principalmente na aprendizagem do aluno\u201d, refor\u00e7a.<\/p>\n\n\n\n<p>A mudan\u00e7a que garante a amplia\u00e7\u00e3o do tempo de cada aula ministrada para 50 minutos tamb\u00e9m impacta os anos finais do Ensino Fundamental. A Seduc-SP tamb\u00e9m definiu o calend\u00e1rio do pr\u00f3ximo ano. Em 2025, as aulas do primeiro semestre ter\u00e3o in\u00edcio em 3 de fevereiro.&nbsp;<\/p>\n\n\n\n<p><strong><em><strong><em><strong><em><strong><em><strong><em><strong><em><strong><em><strong><em><strong>Siga nossas redes sociais no\u00a0<a href=\"https:\/\/www.instagram.com\/ronipaparazzi\/\">Instagram\u00a0<\/a>e\u00a0<a href=\"https:\/\/www.facebook.com\/ronipaparazzicomvoce\">Facebook<\/a>\u00a0participe da nossa comunidade do Canal Roni Paparazzi no Whatsapp e receba as principais not\u00edcias da regi\u00e3o de Ara\u00e7atuba do dia direto no seu celular.<\/strong>\u00a0<a href=\"https:\/\/chat.whatsapp.com\/GsG1XKo0jPOEfjzudWQcml\" target=\"_blank\" rel=\"noreferrer noopener\">\u00a0Clique aqui e se inscreva.<\/a><\/em><\/strong><\/em><\/strong><\/em><\/strong><\/em><\/strong><\/em><\/strong><\/em><\/strong><\/em><\/strong><\/em><\/strong><\/p>\n","protected":false},"excerpt":{"rendered":"<p>Mais de 1 milh\u00e3o de estudantes do Ensino M\u00e9dio da Secretaria da Educa\u00e7\u00e3o do Estado de S\u00e3o Paulo (Seduc-SP) ter\u00e3o um novo modelo de aulas a partir de 2025. Al\u00e9m de mais aulas de matem\u00e1tica e l\u00edngua portuguesa, a partir do ano que vem todas as aulas ter\u00e3o 50 minutos de dura\u00e7\u00e3o, cinco minutos a &hellip;<\/p>\n","protected":false},"author":1,"featured_media":13076,"comment_status":"open","ping_status":"open","sticky":false,"template":"","format":"standard","meta":{"_jetpack_memberships_contains_paid_content":false,"footnotes":"","jetpack_publicize_message":"","jetpack_publicize_feature_enabled":true,"jetpack_social_post_already_shared":false,"jetpack_social_options":{"image_generator_settings":{"template":"highway","default_image_id":0,"enabled":false},"version":2}},"categories":[4],"tags":[],"class_list":["post-13074","post","type-post","status-publish","format-standard","has-post-thumbnail","hentry","category-regiao"],"jetpack_publicize_connections":[],"jetpack_featured_media_url":"https:\/\/i0.wp.com\/www.paparazzinews.com.br\/wp-content\/uploads\/2024\/11\/54089136850_70b26b2148_k-1536x1024-1.jpg?fit=1536%2C1024&ssl=1","views":"789","jetpack_likes_enabled":true,"jetpack_sharing_enabled":true,"_links":{"self":[{"href":"https:\/\/www.paparazzinews.com.br\/index.php?rest_route=\/wp\/v2\/posts\/13074","targetHints":{"allow":["GET"]}}],"collection":[{"href":"https:\/\/www.paparazzinews.com.br\/index.php?rest_route=\/wp\/v2\/posts"}],"about":[{"href":"https:\/\/www.paparazzinews.com.br\/index.php?rest_route=\/wp\/v2\/types\/post"}],"author":[{"embeddable":true,"href":"https:\/\/www.paparazzinews.com.br\/index.php?rest_route=\/wp\/v2\/users\/1"}],"replies":[{"embeddable":true,"href":"https:\/\/www.paparazzinews.com.br\/index.php?rest_route=%2Fwp%2Fv2%2Fcomments&post=13074"}],"version-history":[{"count":1,"href":"https:\/\/www.paparazzinews.com.br\/index.php?rest_route=\/wp\/v2\/posts\/13074\/revisions"}],"predecessor-version":[{"id":13075,"href":"https:\/\/www.paparazzinews.com.br\/index.php?rest_route=\/wp\/v2\/posts\/13074\/revisions\/13075"}],"wp:featuredmedia":[{"embeddable":true,"href":"https:\/\/www.paparazzinews.com.br\/index.php?rest_route=\/wp\/v2\/media\/13076"}],"wp:attachment":[{"href":"https:\/\/www.paparazzinews.com.br\/index.php?rest_route=%2Fwp%2Fv2%2Fmedia&parent=13074"}],"wp:term":[{"taxonomy":"category","embeddable":true,"href":"https:\/\/www.paparazzinews.com.br\/index.php?rest_route=%2Fwp%2Fv2%2Fcategories&post=13074"},{"taxonomy":"post_tag","embeddable":true,"href":"https:\/\/www.paparazzinews.com.br\/index.php?rest_route=%2Fwp%2Fv2%2Ftags&post=13074"}],"curies":[{"name":"wp","href":"https:\/\/api.w.org\/{rel}","templated":true}]}}