{"id":13070,"date":"2024-11-05T12:28:33","date_gmt":"2024-11-05T15:28:33","guid":{"rendered":"https:\/\/www.paparazzinews.com.br\/?p=13070"},"modified":"2024-11-05T12:29:56","modified_gmt":"2024-11-05T15:29:56","slug":"incendio-na-secretaria-de-educacao-de-castilho-e-contido-e-falta-energia-no-centro","status":"publish","type":"post","link":"https:\/\/www.paparazzinews.com.br\/?p=13070","title":{"rendered":"Falta de Energia em Castilho: Inc\u00eandio na Secretaria de Educa\u00e7\u00e3o \u00e9 contido"},"content":{"rendered":"\n<p>Um inc\u00eandio provocado por curto-circuito desconhecido ocorreu na caixa de energia da Secretaria de Educa\u00e7\u00e3o, Desporto e Cultura do pr\u00e9dio do CIEC de Castilho nesta ter\u00e7a-feira (05\/11). A Base Comunit\u00e1ria do Corpo de Bombeiros e a Brigada Municipal local foram acionadas para conter o fogo. A informa\u00e7\u00e3o \u00e9 de Roni Paparazzi.<\/p>\n\n\n\n<p><strong>A\u00e7\u00e3o R\u00e1pida<\/strong><\/p>\n\n\n\n<p>Motoristas do departamento de transporte utilizaram extintores para abafar as chamas antes da chegada dos bombeiros. O fogo foi contido e n\u00e3o houve registro de v\u00edtimas.<\/p>\n\n\n\n<p><strong>Interrup\u00e7\u00e3o de Energia<\/strong><\/p>\n\n\n\n<p>A regi\u00e3o central ficou sem energia por volta das 10h, mas uma for\u00e7a-tarefa da concession\u00e1ria Elektro restabeleceu o fornecimento antes das 11h.<\/p>\n\n\n\n<p><strong>Causa Desconhecida<\/strong><\/p>\n\n\n\n<p>De acordo com o cabo Rodrigo, da Base Comunit\u00e1ria do Corpo de Bombeiros, a causa do inc\u00eandio ainda \u00e9 desconhecida. &#8220;Essa \u00e9 a segunda ocorr\u00eancia semelhante na semana. Na segunda-feira, a Escola do Lapis sofreu uma pane com curto-circuito&#8221;, revelou.<\/p>\n\n\n\n<p><strong>Escola do Lapis<\/strong><\/p>\n\n\n\n<p>A Escola do Lapis, localizada a menos de 1km da Secretaria, sofreu um curto-circuito na segunda-feira. Funcion\u00e1rios combateram as chamas e acionaram os bombeiros.<\/p>\n\n\n\n<p><strong>Sobrecarga na Rede?<\/strong><\/p>\n\n\n\n<p>Rodrigo sugere que a sobrecarga na rede el\u00e9trica pode ser a causa dos incidentes. &#8220;A Elektro est\u00e1 dando manuten\u00e7\u00e3o na Avenida Jos\u00e9 Luciano Pereira e isso pode estar sobrecarregando o sistema&#8221;, pontuou.<\/p>\n\n\n\n<p>A investiga\u00e7\u00e3o sobre as causas dos incidentes continua. <br><br><strong>O que dizem os citados?<\/strong><\/p>\n\n\n\n<p><br>A nossa reportagem aguarda manifesto da prefeitura e da concession\u00e1ria de energia.<\/p>\n\n\n\n<p><strong><em><strong><em><strong><em><strong><em><strong><em><strong><em><strong><em><strong><em><strong>Siga nossas redes sociais no\u00a0<a href=\"https:\/\/www.instagram.com\/ronipaparazzi\/\">Instagram\u00a0<\/a>e\u00a0<a href=\"https:\/\/www.facebook.com\/ronipaparazzicomvoce\">Facebook<\/a>\u00a0participe da nossa comunidade do Canal Roni Paparazzi no Whatsapp e receba as principais not\u00edcias da regi\u00e3o de Ara\u00e7atuba do dia direto no seu celular.<\/strong>\u00a0<a href=\"https:\/\/chat.whatsapp.com\/GsG1XKo0jPOEfjzudWQcml\" target=\"_blank\" rel=\"noreferrer noopener\">\u00a0Clique aqui e se inscreva.<\/a><\/em><\/strong><\/em><\/strong><\/em><\/strong><\/em><\/strong><\/em><\/strong><\/em><\/strong><\/em><\/strong><\/em><\/strong><\/p>\n","protected":false},"excerpt":{"rendered":"<p>Um inc\u00eandio provocado por curto-circuito desconhecido ocorreu na caixa de energia da Secretaria de Educa\u00e7\u00e3o, Desporto e Cultura do pr\u00e9dio do CIEC de Castilho nesta ter\u00e7a-feira (05\/11). A Base Comunit\u00e1ria do Corpo de Bombeiros e a Brigada Municipal local foram acionadas para conter o fogo. A informa\u00e7\u00e3o \u00e9 de Roni Paparazzi. A\u00e7\u00e3o R\u00e1pida Motoristas do &hellip;<\/p>\n","protected":false},"author":1,"featured_media":13071,"comment_status":"open","ping_status":"open","sticky":false,"template":"","format":"standard","meta":{"_jetpack_memberships_contains_paid_content":false,"footnotes":"","jetpack_publicize_message":"","jetpack_publicize_feature_enabled":true,"jetpack_social_post_already_shared":false,"jetpack_social_options":{"image_generator_settings":{"template":"highway","default_image_id":0,"enabled":false},"version":2}},"categories":[3],"tags":[],"class_list":["post-13070","post","type-post","status-publish","format-standard","has-post-thumbnail","hentry","category-policial"],"jetpack_publicize_connections":[],"jetpack_featured_media_url":"https:\/\/i0.wp.com\/www.paparazzinews.com.br\/wp-content\/uploads\/2024\/11\/442bd1ec-6c39-493c-975d-9d9d254034ec.jpeg?fit=899%2C1599&ssl=1","views":"1376","jetpack_likes_enabled":true,"jetpack_sharing_enabled":true,"_links":{"self":[{"href":"https:\/\/www.paparazzinews.com.br\/index.php?rest_route=\/wp\/v2\/posts\/13070","targetHints":{"allow":["GET"]}}],"collection":[{"href":"https:\/\/www.paparazzinews.com.br\/index.php?rest_route=\/wp\/v2\/posts"}],"about":[{"href":"https:\/\/www.paparazzinews.com.br\/index.php?rest_route=\/wp\/v2\/types\/post"}],"author":[{"embeddable":true,"href":"https:\/\/www.paparazzinews.com.br\/index.php?rest_route=\/wp\/v2\/users\/1"}],"replies":[{"embeddable":true,"href":"https:\/\/www.paparazzinews.com.br\/index.php?rest_route=%2Fwp%2Fv2%2Fcomments&post=13070"}],"version-history":[{"count":2,"href":"https:\/\/www.paparazzinews.com.br\/index.php?rest_route=\/wp\/v2\/posts\/13070\/revisions"}],"predecessor-version":[{"id":13073,"href":"https:\/\/www.paparazzinews.com.br\/index.php?rest_route=\/wp\/v2\/posts\/13070\/revisions\/13073"}],"wp:featuredmedia":[{"embeddable":true,"href":"https:\/\/www.paparazzinews.com.br\/index.php?rest_route=\/wp\/v2\/media\/13071"}],"wp:attachment":[{"href":"https:\/\/www.paparazzinews.com.br\/index.php?rest_route=%2Fwp%2Fv2%2Fmedia&parent=13070"}],"wp:term":[{"taxonomy":"category","embeddable":true,"href":"https:\/\/www.paparazzinews.com.br\/index.php?rest_route=%2Fwp%2Fv2%2Fcategories&post=13070"},{"taxonomy":"post_tag","embeddable":true,"href":"https:\/\/www.paparazzinews.com.br\/index.php?rest_route=%2Fwp%2Fv2%2Ftags&post=13070"}],"curies":[{"name":"wp","href":"https:\/\/api.w.org\/{rel}","templated":true}]}}