{"id":1307,"date":"2022-11-30T13:22:49","date_gmt":"2022-11-30T16:22:49","guid":{"rendered":"https:\/\/www.paparazzinews.com.br\/?p=1307"},"modified":"2022-11-30T13:22:50","modified_gmt":"2022-11-30T16:22:50","slug":"aberta-passagem-de-nivel-ligando-2-bairros-em-andradina","status":"publish","type":"post","link":"https:\/\/www.paparazzinews.com.br\/?p=1307","title":{"rendered":"Aberta passagem de n\u00edvel ligando 2 bairros em Andradina"},"content":{"rendered":"\n<p>J\u00e1 est\u00e1 aberta a passagem de n\u00edvel (cruzamentos oficiais entre vias e a malha ferrovi\u00e1ria) na altura da rua Silvio Shimizu fazendo a liga\u00e7\u00e3o com a rua Wany Yaeko Utida Sakimoto, entre os bairros Peliciari e a Vila Passarelli.<\/p>\n\n\n\n<p>A abertura foi feita pelo Governo de Andradina que cria assim mais uma importante liga\u00e7\u00e3o que vai facilitar o trabalho da Pol\u00edcia Militar, que tem seu batalh\u00e3o instalado na Vila Passarelli e tamb\u00e9m pais e alunos da Escola Sesi.<\/p>\n\n\n\n<p>As aberturas das passagens de n\u00edvel, que ocorrem em v\u00e1rios pontos da cidade seguem a vis\u00e3o do prefeito M\u00e1rio Celso Lopes em destravar o tr\u00e2nsito da cidade.<\/p>\n\n\n\n<p>Nos pr\u00f3ximos dias o local vai receber asfaltamento e ter conclu\u00edda a sinaliza\u00e7\u00e3o. Esta \u00e9 a quarta abertura de passagem de ocorrida nos \u00faltimos meses, as outras, na rua Alagoas tamb\u00e9m promoveu a liga\u00e7\u00e3o entre o Benfica e Piscina e outra, nas proximidades do clube da ADPM, promoveu a liga\u00e7\u00e3o entre o Bairro Santa Cec\u00edlia e a Estrada Sebasti\u00e3o Louren\u00e7o da Silva, que liga a cidade aos bairros Benfica, Nova Esperan\u00e7a, Centro e tamb\u00e9m ao patrim\u00f4nio de Planalto e Benjamim Constant, ligando o Benfica ao Piscina.<\/p>\n\n\n\n<p>Fora estas a\u00e7\u00f5es, a Secretaria de Obras, aliada a Divis\u00e3o de Seguran\u00e7a P\u00fablica, desativou as cancelas e demoliu antigas guaritas nas passagens de n\u00edvel.<\/p>\n\n\n\n<p>As mudan\u00e7as provocam uma revolu\u00e7\u00e3o no tr\u00e2nsito da cidade e usu\u00e1rios das vias p\u00fablicas devem estar atentos.<\/p>\n\n\n\n<p>\u201cPara conscientizar pedestres e motoristas sobre a necessidade de respeito \u00e0s normas de seguran\u00e7a a prefeitura tem investido em campanhas educativas e tamb\u00e9m melhorando a sinaliza\u00e7\u00e3o nestes locais\u201d, disse o Subsecret\u00e1rio de Seguran\u00e7a P\u00fablica, Andr\u00e9 Luiz de Lima Augusto.<\/p>\n\n\n\n<p>Todas a passagens regulares s\u00e3o sinalizadas de acordo com as exig\u00eancias da Associa\u00e7\u00e3o Brasileira de Normas T\u00e9cnicas (ABNT). De acordo com o C\u00f3digo de Tr\u00e2nsito Brasileiro (Lei Federal n\u00ba 9503\/97), os trens t\u00eam prefer\u00eancia de passagem sobre os demais ve\u00edculos. Al\u00e9m disso, o ato de deixar de parar o ve\u00edculo antes de atravessar a linha f\u00e9rrea \u00e9 considerado como uma infra\u00e7\u00e3o grav\u00edssima, sujeita a aplica\u00e7\u00e3o de multa. Por isso os motoristas e tamb\u00e9m os pedestres devem parar, olhar e escutar antes de atravessar a via f\u00e9rrea.<\/p>\n\n\n\n<p><\/p>\n","protected":false},"excerpt":{"rendered":"<p>J\u00e1 est\u00e1 aberta a passagem de n\u00edvel (cruzamentos oficiais entre vias e a malha ferrovi\u00e1ria) na altura da rua Silvio Shimizu fazendo a liga\u00e7\u00e3o com a rua Wany Yaeko Utida Sakimoto, entre os bairros Peliciari e a Vila Passarelli. A abertura foi feita pelo Governo de Andradina que cria assim mais uma importante liga\u00e7\u00e3o que &hellip;<\/p>\n","protected":false},"author":1,"featured_media":1308,"comment_status":"open","ping_status":"open","sticky":false,"template":"","format":"standard","meta":{"_jetpack_memberships_contains_paid_content":false,"footnotes":"","jetpack_publicize_message":"","jetpack_publicize_feature_enabled":true,"jetpack_social_post_already_shared":false,"jetpack_social_options":{"image_generator_settings":{"template":"highway","default_image_id":0,"enabled":false},"version":2}},"categories":[4],"tags":[],"class_list":["post-1307","post","type-post","status-publish","format-standard","has-post-thumbnail","hentry","category-regiao"],"jetpack_publicize_connections":[],"jetpack_featured_media_url":"https:\/\/i0.wp.com\/www.paparazzinews.com.br\/wp-content\/uploads\/2022\/11\/7b33c6e9-e280-4101-82ae-c68b4debe911-e1669825359356.jpg?fit=1000%2C666&ssl=1","views":"5871","jetpack_likes_enabled":true,"jetpack_sharing_enabled":true,"_links":{"self":[{"href":"https:\/\/www.paparazzinews.com.br\/index.php?rest_route=\/wp\/v2\/posts\/1307","targetHints":{"allow":["GET"]}}],"collection":[{"href":"https:\/\/www.paparazzinews.com.br\/index.php?rest_route=\/wp\/v2\/posts"}],"about":[{"href":"https:\/\/www.paparazzinews.com.br\/index.php?rest_route=\/wp\/v2\/types\/post"}],"author":[{"embeddable":true,"href":"https:\/\/www.paparazzinews.com.br\/index.php?rest_route=\/wp\/v2\/users\/1"}],"replies":[{"embeddable":true,"href":"https:\/\/www.paparazzinews.com.br\/index.php?rest_route=%2Fwp%2Fv2%2Fcomments&post=1307"}],"version-history":[{"count":1,"href":"https:\/\/www.paparazzinews.com.br\/index.php?rest_route=\/wp\/v2\/posts\/1307\/revisions"}],"predecessor-version":[{"id":1309,"href":"https:\/\/www.paparazzinews.com.br\/index.php?rest_route=\/wp\/v2\/posts\/1307\/revisions\/1309"}],"wp:featuredmedia":[{"embeddable":true,"href":"https:\/\/www.paparazzinews.com.br\/index.php?rest_route=\/wp\/v2\/media\/1308"}],"wp:attachment":[{"href":"https:\/\/www.paparazzinews.com.br\/index.php?rest_route=%2Fwp%2Fv2%2Fmedia&parent=1307"}],"wp:term":[{"taxonomy":"category","embeddable":true,"href":"https:\/\/www.paparazzinews.com.br\/index.php?rest_route=%2Fwp%2Fv2%2Fcategories&post=1307"},{"taxonomy":"post_tag","embeddable":true,"href":"https:\/\/www.paparazzinews.com.br\/index.php?rest_route=%2Fwp%2Fv2%2Ftags&post=1307"}],"curies":[{"name":"wp","href":"https:\/\/api.w.org\/{rel}","templated":true}]}}