{"id":1304,"date":"2022-11-30T13:14:20","date_gmt":"2022-11-30T16:14:20","guid":{"rendered":"https:\/\/www.paparazzinews.com.br\/?p=1304"},"modified":"2022-11-30T13:14:21","modified_gmt":"2022-11-30T16:14:21","slug":"conselho-do-distrito-turistico-de-andradina-e-ativado","status":"publish","type":"post","link":"https:\/\/www.paparazzinews.com.br\/?p=1304","title":{"rendered":"Conselho do Distrito Tur\u00edstico de Andradina \u00e9 ativado"},"content":{"rendered":"\n<p>Membros do Conselho Gestor do Distrito Tur\u00edstico Andradina foram eleitos na \u00faltima sexta-feira (25) na primeira sess\u00e3o realizada no rec\u00e9m inaugurado Wakanda Resort que teve a presen\u00e7a do prefeito M\u00e1rio Celso Lopes e de Gustavo Grisa, representando o secret\u00e1rio de Turismo e Viagens do Estado de S\u00e3o Paulo, Vin\u00edcius Lummertz.<\/p>\n\n\n\n<p>\u201cVivemos um momento hist\u00f3rico um grande momento para Andradina, n\u00e3o tenho d\u00favidas de que esse ser\u00e1 um grande polo tur\u00edstico, um destino que vai ser refer\u00eancia para o mundo todo\u201d, disse o prefeito M\u00e1rio Celso Lopes.<\/p>\n\n\n\n<p>Segundo Gustavo Grisa essa uni\u00e3o entre poder p\u00fablico e iniciativa privada ser\u00e1 ben\u00e9fica para nossa regi\u00e3o, deixando um legado de desenvolvimento para as futuras gera\u00e7\u00f5es. Andradina j\u00e1 est\u00e1 convocada a participar do F\u00f3rum de Distritos Tur\u00edsticos de S\u00e3o Paulo, onde metas estaduais ser\u00e3o debatidas,<br>Na reuni\u00e3o, foram discutidos assuntos como a agenda priorit\u00e1ria do Distrito para os pr\u00f3ximos dois anos e foram empossados para a diretoria da entidade para o bi\u00eanio 2022-2024, Rafael Pena (presidente), <\/p>\n\n\n\n<p>Ernesto J\u00fanior (vice-presidente), Viviane Castro Eloi (secret\u00e1ria executiva) e Norival Nunes (2\u00ba secret\u00e1rio) al\u00e9m de conselheiros titulares e suplentes, entre membros do governo municipal e da sociedade civil.<br>O Conselho Gestor ter\u00e1 a fun\u00e7\u00e3o de definir um plano de desenvolvimento do Distrito Tur\u00edstico Andradina, amparado por leis de interesse p\u00fablico, promovendo o desenvolvimento, ponderando a quest\u00e3o social, possibilitando acessos aos trabalhadores e aos turistas e compartilhando abund\u00e2ncia. \u201cO que est\u00e1 sendo feito aqui \u00e9 muito importante, pois sonhamos alto e pensamos grande\u201d, disse Rafael Pena.<\/p>\n","protected":false},"excerpt":{"rendered":"<p>Membros do Conselho Gestor do Distrito Tur\u00edstico Andradina foram eleitos na \u00faltima sexta-feira (25) na primeira sess\u00e3o realizada no rec\u00e9m inaugurado Wakanda Resort que teve a presen\u00e7a do prefeito M\u00e1rio Celso Lopes e de Gustavo Grisa, representando o secret\u00e1rio de Turismo e Viagens do Estado de S\u00e3o Paulo, Vin\u00edcius Lummertz. \u201cVivemos um momento hist\u00f3rico um &hellip;<\/p>\n","protected":false},"author":1,"featured_media":1305,"comment_status":"open","ping_status":"open","sticky":false,"template":"","format":"standard","meta":{"_jetpack_memberships_contains_paid_content":false,"footnotes":"","jetpack_publicize_message":"","jetpack_publicize_feature_enabled":true,"jetpack_social_post_already_shared":false,"jetpack_social_options":{"image_generator_settings":{"template":"highway","default_image_id":0,"enabled":false},"version":2}},"categories":[4],"tags":[],"class_list":["post-1304","post","type-post","status-publish","format-standard","has-post-thumbnail","hentry","category-regiao"],"jetpack_publicize_connections":[],"jetpack_featured_media_url":"https:\/\/i0.wp.com\/www.paparazzinews.com.br\/wp-content\/uploads\/2022\/11\/a230a9c0-8f82-46a5-93c9-c11ae2275274-e1669824829538.jpg?fit=1000%2C524&ssl=1","views":"2413","jetpack_likes_enabled":true,"jetpack_sharing_enabled":true,"_links":{"self":[{"href":"https:\/\/www.paparazzinews.com.br\/index.php?rest_route=\/wp\/v2\/posts\/1304","targetHints":{"allow":["GET"]}}],"collection":[{"href":"https:\/\/www.paparazzinews.com.br\/index.php?rest_route=\/wp\/v2\/posts"}],"about":[{"href":"https:\/\/www.paparazzinews.com.br\/index.php?rest_route=\/wp\/v2\/types\/post"}],"author":[{"embeddable":true,"href":"https:\/\/www.paparazzinews.com.br\/index.php?rest_route=\/wp\/v2\/users\/1"}],"replies":[{"embeddable":true,"href":"https:\/\/www.paparazzinews.com.br\/index.php?rest_route=%2Fwp%2Fv2%2Fcomments&post=1304"}],"version-history":[{"count":1,"href":"https:\/\/www.paparazzinews.com.br\/index.php?rest_route=\/wp\/v2\/posts\/1304\/revisions"}],"predecessor-version":[{"id":1306,"href":"https:\/\/www.paparazzinews.com.br\/index.php?rest_route=\/wp\/v2\/posts\/1304\/revisions\/1306"}],"wp:featuredmedia":[{"embeddable":true,"href":"https:\/\/www.paparazzinews.com.br\/index.php?rest_route=\/wp\/v2\/media\/1305"}],"wp:attachment":[{"href":"https:\/\/www.paparazzinews.com.br\/index.php?rest_route=%2Fwp%2Fv2%2Fmedia&parent=1304"}],"wp:term":[{"taxonomy":"category","embeddable":true,"href":"https:\/\/www.paparazzinews.com.br\/index.php?rest_route=%2Fwp%2Fv2%2Fcategories&post=1304"},{"taxonomy":"post_tag","embeddable":true,"href":"https:\/\/www.paparazzinews.com.br\/index.php?rest_route=%2Fwp%2Fv2%2Ftags&post=1304"}],"curies":[{"name":"wp","href":"https:\/\/api.w.org\/{rel}","templated":true}]}}