{"id":13036,"date":"2024-11-05T09:39:03","date_gmt":"2024-11-05T12:39:03","guid":{"rendered":"https:\/\/www.paparazzinews.com.br\/?p=13036"},"modified":"2024-11-05T09:39:04","modified_gmt":"2024-11-05T12:39:04","slug":"conhecimento-tecnico-representantes-da-aguas-andradina-e-da-aguas-castilho-participam-da-feira-nacional-de-saneamento-e-meio-ambiente","status":"publish","type":"post","link":"https:\/\/www.paparazzinews.com.br\/?p=13036","title":{"rendered":"CONHECIMENTO T\u00c9CNICO: Representantes da \u00c1guas Andradina e da \u00c1guas Castilho participam da Feira Nacional de Saneamento e Meio Ambiente"},"content":{"rendered":"\n<p>Na \u00faltima semana, Alexandre Pardim, Bruno Cordeiro e Cristiane Rosa Madruga Pereira, respectivamente gerente operacional, supervisor operacional e coordenadora de clientes da \u00c1guas Andradina e da \u00c1guas Castilho, empresas do grupo Igu\u00e1 Saneamento e Sabesp, participaram a Fenasan (Feira Nacional de Saneamento e Meio Ambiente).<\/p>\n\n\n\n<p>Realizada em S\u00e3o Paulo, a feira \u00e9 considerada o principal evento de saneamento e meio ambiente da Am\u00e9rica Latina e \u00e9 promovida pela Associa\u00e7\u00e3o dos Engenheiros da Sabesp (AESabesp), em parceria com a Associa\u00e7\u00e3o dos Especialistas em Saneamento (AESAN).<\/p>\n\n\n\n<p>Com o tema \u201cSaneamento Ambiental: condi\u00e7\u00e3o fundamental para o enfrentamento das mudan\u00e7as clim\u00e1ticas\u201d, os representantes das concession\u00e1rias puderam conhecer de perto, as novidades da aplica\u00e7\u00e3o dos conhecimentos da engenharia e das inova\u00e7\u00f5es tecnol\u00f3gicas no setor. \u201c\u00c9 nosso compromisso sempre buscar o que h\u00e1 de mais novo no mercado para atender com ainda mais efici\u00eancia os nossos clientes\u201d, destaca Pardim.<\/p>\n\n\n\n<p>Saiba mais sobre os servi\u00e7os de \u00e1gua e esgoto de Andradina e de Castilho nos sites <a href=\"http:\/\/www.igua.com.br\/andradina\" data-type=\"link\" data-id=\"www.igua.com.br\/andradina\">www.igua.com.br\/andradina<\/a> e <a href=\"http:\/\/www.igua.com.br\/castilho\" data-type=\"link\" data-id=\"www.igua.com.br\/castilho\">www.igua.com.br\/castilho<\/a>.<\/p>\n\n\n\n<p><strong><em><strong><em><strong><em><strong><em><strong><em><strong><em><strong><em><strong><em><strong>Siga nossas redes sociais no\u00a0<a href=\"https:\/\/www.instagram.com\/ronipaparazzi\/\">Instagram\u00a0<\/a>e\u00a0<a href=\"https:\/\/www.facebook.com\/ronipaparazzicomvoce\">Facebook<\/a>\u00a0participe da nossa comunidade do Canal Roni Paparazzi no Whatsapp e receba as principais not\u00edcias da regi\u00e3o de Ara\u00e7atuba do dia direto no seu celular.<\/strong>\u00a0<a href=\"https:\/\/chat.whatsapp.com\/GsG1XKo0jPOEfjzudWQcml\" target=\"_blank\" rel=\"noreferrer noopener\">\u00a0Clique aqui e se inscreva.<\/a><\/em><\/strong><\/em><\/strong><\/em><\/strong><\/em><\/strong><\/em><\/strong><\/em><\/strong><\/em><\/strong><\/em><\/strong><\/p>\n","protected":false},"excerpt":{"rendered":"<p>Na \u00faltima semana, Alexandre Pardim, Bruno Cordeiro e Cristiane Rosa Madruga Pereira, respectivamente gerente operacional, supervisor operacional e coordenadora de clientes da \u00c1guas Andradina e da \u00c1guas Castilho, empresas do grupo Igu\u00e1 Saneamento e Sabesp, participaram a Fenasan (Feira Nacional de Saneamento e Meio Ambiente). Realizada em S\u00e3o Paulo, a feira \u00e9 considerada o principal &hellip;<\/p>\n","protected":false},"author":1,"featured_media":13037,"comment_status":"open","ping_status":"open","sticky":false,"template":"","format":"standard","meta":{"_jetpack_memberships_contains_paid_content":false,"footnotes":"","jetpack_publicize_message":"","jetpack_publicize_feature_enabled":true,"jetpack_social_post_already_shared":false,"jetpack_social_options":{"image_generator_settings":{"template":"highway","default_image_id":0,"enabled":false},"version":2}},"categories":[4],"tags":[],"class_list":["post-13036","post","type-post","status-publish","format-standard","has-post-thumbnail","hentry","category-regiao"],"jetpack_publicize_connections":[],"jetpack_featured_media_url":"https:\/\/i0.wp.com\/www.paparazzinews.com.br\/wp-content\/uploads\/2024\/11\/55d4f3ed-9761-4327-bb8a-12bfb5a8ae89.jpeg?fit=1105%2C900&ssl=1","views":"1243","jetpack_likes_enabled":true,"jetpack_sharing_enabled":true,"_links":{"self":[{"href":"https:\/\/www.paparazzinews.com.br\/index.php?rest_route=\/wp\/v2\/posts\/13036","targetHints":{"allow":["GET"]}}],"collection":[{"href":"https:\/\/www.paparazzinews.com.br\/index.php?rest_route=\/wp\/v2\/posts"}],"about":[{"href":"https:\/\/www.paparazzinews.com.br\/index.php?rest_route=\/wp\/v2\/types\/post"}],"author":[{"embeddable":true,"href":"https:\/\/www.paparazzinews.com.br\/index.php?rest_route=\/wp\/v2\/users\/1"}],"replies":[{"embeddable":true,"href":"https:\/\/www.paparazzinews.com.br\/index.php?rest_route=%2Fwp%2Fv2%2Fcomments&post=13036"}],"version-history":[{"count":1,"href":"https:\/\/www.paparazzinews.com.br\/index.php?rest_route=\/wp\/v2\/posts\/13036\/revisions"}],"predecessor-version":[{"id":13038,"href":"https:\/\/www.paparazzinews.com.br\/index.php?rest_route=\/wp\/v2\/posts\/13036\/revisions\/13038"}],"wp:featuredmedia":[{"embeddable":true,"href":"https:\/\/www.paparazzinews.com.br\/index.php?rest_route=\/wp\/v2\/media\/13037"}],"wp:attachment":[{"href":"https:\/\/www.paparazzinews.com.br\/index.php?rest_route=%2Fwp%2Fv2%2Fmedia&parent=13036"}],"wp:term":[{"taxonomy":"category","embeddable":true,"href":"https:\/\/www.paparazzinews.com.br\/index.php?rest_route=%2Fwp%2Fv2%2Fcategories&post=13036"},{"taxonomy":"post_tag","embeddable":true,"href":"https:\/\/www.paparazzinews.com.br\/index.php?rest_route=%2Fwp%2Fv2%2Ftags&post=13036"}],"curies":[{"name":"wp","href":"https:\/\/api.w.org\/{rel}","templated":true}]}}