{"id":13031,"date":"2024-11-05T09:25:10","date_gmt":"2024-11-05T12:25:10","guid":{"rendered":"https:\/\/www.paparazzinews.com.br\/?p=13031"},"modified":"2024-11-05T09:25:11","modified_gmt":"2024-11-05T12:25:11","slug":"governo-de-sp-comeca-a-atender-comerciantes-afetados-por-incendio-em-shopping-na-regiao-do-bras","status":"publish","type":"post","link":"https:\/\/www.paparazzinews.com.br\/?p=13031","title":{"rendered":"Governo de SP come\u00e7a a atender comerciantes afetados por inc\u00eandio em shopping na regi\u00e3o do Br\u00e1s"},"content":{"rendered":"\n<p>A Desenvolve SP \u2013 ag\u00eancia de fomento do governo de S\u00e3o Paulo, iniciou na segunda-feira (4) atendimento presencial aos comerciantes afetados pelo inc\u00eandio ocorrido no \u00faltimo dia 30. Os comerciantes afetados ser\u00e3o recebidos no Circuito de Compras \u2013 Feira da Madrugada, localizado na rua S\u00e3o Caetano, n\u00ba 812, com esquina com a Av. do Estado, 2455. A informa\u00e7\u00e3o \u00e9 da Ag\u00eancia SP.<\/p>\n\n\n\n<p>Na oportunidade, os consultores apresentar\u00e3o as linhas de cr\u00e9dito emergencial ofertadas para ajudar micro, pequenos e m\u00e9dios na recupera\u00e7\u00e3o dos preju\u00edzos causados pelo inc\u00eandio. S\u00e3o duas linhas, uma de investimento, com limite de at\u00e9 R$ 300 mil, e outra para capital de giro, com limite de at\u00e9 R$ 100 mil.<\/p>\n\n\n\n<p>O atendimento contar\u00e1 tamb\u00e9m com um agente do Banco do Povo Paulista para o atendimento dos Microempreendedores Individuais (MEIs).<\/p>\n\n\n\n<p>A partir de amanh\u00e3 (5), os interessados devem se inscrever previamente por meio do formul\u00e1rio online dispon\u00edvel (<a href=\"https:\/\/calendar.app.google\/FP9x7prWbNBsFafj8\">https:\/\/calendar.app.google\/FP9x7prWbNBsFafj8<\/a>), e o atendimento ser\u00e1 realizado de 9h \u00e0s 16h.<\/p>\n\n\n\n<p>A Desenvolve SP \u00e9 a ag\u00eancia de fomento do governo do Estado de S\u00e3o Paulo e est\u00e1 vinculada \u00e0 Secretaria de Desenvolvimento Econ\u00f4mico (SDE).<\/p>\n\n\n\n<p>Para mais detalhes, acesse&nbsp;<a href=\"https:\/\/www.desenvolvesp.com.br\/\">https:\/\/www.desenvolvesp.com.br<\/a>.<\/p>\n\n\n\n<h2 class=\"wp-block-heading\">Servi\u00e7o<\/h2>\n\n\n\n<p>Cr\u00e9dito Emergencial \u2013 empresas afetadas pelo inc\u00eandio no Br\u00e1s<br>Local: Rua S\u00e3o Caetano 812 \u2013 Pr\u00e9dio Administrativo \u2013 2\u00ba andar<br>Hor\u00e1rio de atendimento: a partir das 9h<\/p>\n\n\n\n<p>Antecipe a sua inscri\u00e7\u00e3o aqui:&nbsp;<a href=\"https:\/\/calendar.app.google\/FP9x7prWbNBsFafj8\">https:\/\/calendar.app.google\/FP9x7prWbNBsFafj8<\/a><\/p>\n\n\n\n<p><strong><em><strong><em><strong><em><strong><em><strong><em><strong><em><strong><em><strong><em><strong>Siga nossas redes sociais no\u00a0<a href=\"https:\/\/www.instagram.com\/ronipaparazzi\/\">Instagram\u00a0<\/a>e\u00a0<a href=\"https:\/\/www.facebook.com\/ronipaparazzicomvoce\">Facebook<\/a>\u00a0participe da nossa comunidade do Canal Roni Paparazzi no Whatsapp e receba as principais not\u00edcias da regi\u00e3o de Ara\u00e7atuba do dia direto no seu celular.<\/strong>\u00a0<a href=\"https:\/\/chat.whatsapp.com\/GsG1XKo0jPOEfjzudWQcml\" target=\"_blank\" rel=\"noreferrer noopener\">\u00a0Clique aqui e se inscreva.<\/a><\/em><\/strong><\/em><\/strong><\/em><\/strong><\/em><\/strong><\/em><\/strong><\/em><\/strong><\/em><\/strong><\/em><\/strong><\/p>\n","protected":false},"excerpt":{"rendered":"<p>A Desenvolve SP \u2013 ag\u00eancia de fomento do governo de S\u00e3o Paulo, iniciou na segunda-feira (4) atendimento presencial aos comerciantes afetados pelo inc\u00eandio ocorrido no \u00faltimo dia 30. Os comerciantes afetados ser\u00e3o recebidos no Circuito de Compras \u2013 Feira da Madrugada, localizado na rua S\u00e3o Caetano, n\u00ba 812, com esquina com a Av. do Estado, &hellip;<\/p>\n","protected":false},"author":1,"featured_media":12929,"comment_status":"open","ping_status":"open","sticky":false,"template":"","format":"standard","meta":{"_jetpack_memberships_contains_paid_content":false,"footnotes":"","jetpack_publicize_message":"","jetpack_publicize_feature_enabled":true,"jetpack_social_post_already_shared":false,"jetpack_social_options":{"image_generator_settings":{"template":"highway","default_image_id":0,"enabled":false},"version":2}},"categories":[4],"tags":[],"class_list":["post-13031","post","type-post","status-publish","format-standard","has-post-thumbnail","hentry","category-regiao"],"jetpack_publicize_connections":[],"jetpack_featured_media_url":"https:\/\/i0.wp.com\/www.paparazzinews.com.br\/wp-content\/uploads\/2024\/11\/Visita-ao-predio-do-Bras-pelo-governador-Tarcisio-de-Freitas-1536x1025-1.jpg?fit=1536%2C1025&ssl=1","views":"1218","jetpack_likes_enabled":true,"jetpack_sharing_enabled":true,"_links":{"self":[{"href":"https:\/\/www.paparazzinews.com.br\/index.php?rest_route=\/wp\/v2\/posts\/13031","targetHints":{"allow":["GET"]}}],"collection":[{"href":"https:\/\/www.paparazzinews.com.br\/index.php?rest_route=\/wp\/v2\/posts"}],"about":[{"href":"https:\/\/www.paparazzinews.com.br\/index.php?rest_route=\/wp\/v2\/types\/post"}],"author":[{"embeddable":true,"href":"https:\/\/www.paparazzinews.com.br\/index.php?rest_route=\/wp\/v2\/users\/1"}],"replies":[{"embeddable":true,"href":"https:\/\/www.paparazzinews.com.br\/index.php?rest_route=%2Fwp%2Fv2%2Fcomments&post=13031"}],"version-history":[{"count":1,"href":"https:\/\/www.paparazzinews.com.br\/index.php?rest_route=\/wp\/v2\/posts\/13031\/revisions"}],"predecessor-version":[{"id":13032,"href":"https:\/\/www.paparazzinews.com.br\/index.php?rest_route=\/wp\/v2\/posts\/13031\/revisions\/13032"}],"wp:featuredmedia":[{"embeddable":true,"href":"https:\/\/www.paparazzinews.com.br\/index.php?rest_route=\/wp\/v2\/media\/12929"}],"wp:attachment":[{"href":"https:\/\/www.paparazzinews.com.br\/index.php?rest_route=%2Fwp%2Fv2%2Fmedia&parent=13031"}],"wp:term":[{"taxonomy":"category","embeddable":true,"href":"https:\/\/www.paparazzinews.com.br\/index.php?rest_route=%2Fwp%2Fv2%2Fcategories&post=13031"},{"taxonomy":"post_tag","embeddable":true,"href":"https:\/\/www.paparazzinews.com.br\/index.php?rest_route=%2Fwp%2Fv2%2Ftags&post=13031"}],"curies":[{"name":"wp","href":"https:\/\/api.w.org\/{rel}","templated":true}]}}